{"id":24647,"date":"2023-07-16T07:58:00","date_gmt":"2023-07-16T05:58:00","guid":{"rendered":"https:\/\/christusnews.de\/site\/kassenaerztechef-fordert-klimatisierung-von-altenheimen-bei-hitze\/"},"modified":"2023-07-17T11:17:31","modified_gmt":"2023-07-17T09:17:31","slug":"kassenaerztechef-fordert-klimatisierung-von-altenheimen-bei-hitze","status":"publish","type":"post","link":"https:\/\/christusnews.de\/site\/kassenaerztechef-fordert-klimatisierung-von-altenheimen-bei-hitze\/","title":{"rendered":"Kassen\u00e4rztechef fordert Klimatisierung von Altenheimen bei Hitze"},"content":{"rendered":"<p class=\"MsoPlainText\">Osnabr\u00fcck (epd). Kassen\u00e4rztechef Andreas Gassen hat sich f\u00fcr eine K\u00fchlung von Altenheimen in Hitzephasen ausgesprochen. \u00abHilfreich w\u00e4re sicherlich die Klimatisierung von Altenheimen, denn dort leben nur besonders gef\u00e4hrdete Menschen\u00bb, sagte der Vorstandsvorsitzende der Kassen\u00e4rztlichen Bundesvereinigung (KBV) der \u00abNeuen Osnabr\u00fccker Zeitung\u00bb (Samstag). Die von Gesundheitsminister Karl Lauterbach geplanten Schutzr\u00e4ume f\u00fcr die \u00d6ffentlichkeit halte er hingegen f\u00fcr schwer umsetzbar.<\/p>\n<p class=\"MsoPlainText\">&nbsp;<\/p>\n<p class=\"MsoPlainText\">\u00abRuntergek\u00fchlte Turnhallen w\u00e4ren ja nur sinnvoll, wenn man die von Hitze bedrohten Menschen einsammelt und dorthin bringt und versorgt.&nbsp;Manches, was in der Theorie gut klingt, ist in der Praxis schwer bis gar nicht umsetzbar\u00bb, sagte Gassen mit Blick auf die Hitzeschutzschild-Ank\u00fcndigungen Lauterbachs. Zur Versorgung durch&nbsp;Haus- und Fach\u00e4rzte erg\u00e4nzte er, sie k\u00f6nnten st\u00e4rker und gezielt gerade \u00e4ltere Menschen beraten: \u00abDas ist aber zeitintensiv und muss daher gesondert verg\u00fctet werden. Daf\u00fcr braucht es L\u00f6sungen.\u00bb<\/p>\n<p class=\"MsoPlainText\">&nbsp;<\/p>\n<p class=\"MsoPlainText\">Das Gesundheitsministerium arbeitet derzeit an einem bundesweiten Hitzeschutzplan. Er sieht vor, das Hitzewarnsystem des Deutschen Wetterdiensts standardm\u00e4\u00dfig zu nutzen. Die L\u00e4nder sollen pr\u00fcfen, ob bei bestimmten Warnstufen eine Reihe von Ma\u00dfnahmen verpflichtend sein sollen.<\/p>\n<p class=\"MsoPlainText\">&nbsp;<\/p>\n<p class=\"MsoPlainText\">Bundesgesundheitsminister Karl Lauterbach (SPD) hatte bei der Vorstellung der Pl\u00e4ne angek\u00fcndigt, man wolle sich an Frankreich orientieren, wo je nach Schwere einer Hitzewelle im ganzen Land Schutzma\u00dfnahmen ausgel\u00f6st werden. Diese reichen von K\u00e4lter\u00e4umen \u00fcber Hitzeaktionspl\u00e4ne f\u00fcr Pflegeeinrichtungen und Kliniken bis zu Anrufen bei alten Menschen, damit sie regelm\u00e4\u00dfig trinken.<\/p>\n<p>Kirche-Oldenburg<br \/>\n<a href=\"https:\/\/www.kirche-oldenburg.de\/\/aktuell\/news-niedersachsen\/artikel\/kassenaerztechef-fordert-klimatisierung-von-altenheimen-bei-hitze\" target=\"_blank\" rel=\"noopener\">Kassen\u00e4rztechef fordert Klimatisierung von Altenheimen bei Hitze<\/a><\/p>\n","protected":false},"excerpt":{"rendered":"<p>Osnabr\u00fcck (epd). Kassen\u00e4rztechef Andreas Gassen hat sich f\u00fcr eine K\u00fchlung von Altenheimen in Hitzephasen ausgesprochen. \u00abHilfreich w\u00e4re sicherlich die Klimatisierung von Altenheimen, denn dort leben nur besonders gef\u00e4hrdete Menschen\u00bb, sagte der Vorstandsvorsitzende der Kassen\u00e4rztlichen Bundesvereinigung (KBV) der \u00abNeuen Osnabr\u00fccker Zeitung\u00bb (Samstag). Die von Gesundheitsminister Karl Lauterbach geplanten Schutzr\u00e4ume f\u00fcr die \u00d6ffentlichkeit halte er hingegen f\u00fcr schwer umsetzbar. &nbsp; \u00abRuntergek\u00fchlte Turnhallen w\u00e4ren ja nur sinnvoll, wenn man die von Hitze bedrohten Menschen einsammelt und dorthin bringt und versorgt.&nbsp;Manches, was in der Theorie gut klingt, ist in der Praxis schwer bis gar nicht umsetzbar\u00bb, sagte Gassen mit Blick auf die Hitzeschutzschild-Ank\u00fcndigungen Lauterbachs&#8230;.<\/p>\n","protected":false},"author":7,"featured_media":0,"comment_status":"false","ping_status":"open","sticky":false,"template":"","format":"standard","meta":{"footnotes":""},"categories":[43],"tags":[44],"class_list":["post-24647","post","type-post","status-publish","format-standard","hentry","category-kirche-oldenburg","tag-kirche-oldenburg"],"_links":{"self":[{"href":"https:\/\/christusnews.de\/site\/wp-json\/wp\/v2\/posts\/24647","targetHints":{"allow":["GET"]}}],"collection":[{"href":"https:\/\/christusnews.de\/site\/wp-json\/wp\/v2\/posts"}],"about":[{"href":"https:\/\/christusnews.de\/site\/wp-json\/wp\/v2\/types\/post"}],"author":[{"embeddable":true,"href":"https:\/\/christusnews.de\/site\/wp-json\/wp\/v2\/users\/7"}],"replies":[{"embeddable":true,"href":"https:\/\/christusnews.de\/site\/wp-json\/wp\/v2\/comments?post=24647"}],"version-history":[{"count":1,"href":"https:\/\/christusnews.de\/site\/wp-json\/wp\/v2\/posts\/24647\/revisions"}],"predecessor-version":[{"id":24648,"href":"https:\/\/christusnews.de\/site\/wp-json\/wp\/v2\/posts\/24647\/revisions\/24648"}],"wp:attachment":[{"href":"https:\/\/christusnews.de\/site\/wp-json\/wp\/v2\/media?parent=24647"}],"wp:term":[{"taxonomy":"category","embeddable":true,"href":"https:\/\/christusnews.de\/site\/wp-json\/wp\/v2\/categories?post=24647"},{"taxonomy":"post_tag","embeddable":true,"href":"https:\/\/christusnews.de\/site\/wp-json\/wp\/v2\/tags?post=24647"}],"curies":[{"name":"wp","href":"https:\/\/api.w.org\/{rel}","templated":true}]}}