{"id":24651,"date":"2023-07-15T07:57:00","date_gmt":"2023-07-15T05:57:00","guid":{"rendered":"https:\/\/christusnews.de\/site\/mehr-als-ja-und-amen-margot-kaessmann-kommt-nach-bremen\/"},"modified":"2023-07-17T11:17:32","modified_gmt":"2023-07-17T09:17:32","slug":"mehr-als-ja-und-amen-margot-kaessmann-kommt-nach-bremen","status":"publish","type":"post","link":"https:\/\/christusnews.de\/site\/mehr-als-ja-und-amen-margot-kaessmann-kommt-nach-bremen\/","title":{"rendered":"\u00abMehr als Ja und Amen\u00bb: Margot K\u00e4\u00dfmann kommt nach Bremen"},"content":{"rendered":"<p class=\"MsoPlainText\">Bremen (epd). Die ehemalige hannoversche Landesbisch\u00f6fin und Bestsellerautorin Margot K\u00e4\u00dfmann kommt mit ihrem Programm \u00abMehr als Ja und Amen\u00bb in die Bremer Liebfrauenkirche. Bei dem Dialogkonzert wird sie am 28. November zusammen mit Clemens Bittlinger auftreten, wie der evangelische Gemeindepastor Stephan Kreutz am Samstag ank\u00fcndigte.<\/p>\n<p class=\"MsoPlainText\">&nbsp;<\/p>\n<p class=\"MsoPlainText\">Unter dem Titel \u00abMehr als Ja und Amen\u00bb hat K\u00e4\u00dfmann auch ein Buch herausgegeben, in dem sich die prominente Theologin den dr\u00e4ngenden Fragen der Gegenwart stellt. Ihr Pl\u00e4doyer: Christen d\u00fcrfen nicht zu allem Ja und Amen sagen, ihr Einsatz f\u00fcr Gerechtigkeit, Frieden und die Bewahrung der Sch\u00f6pfung ist gefragt: \u00abWir k\u00f6nnen nicht alles \u00e4ndern &#8211; aber wir d\u00fcrfen hoffnungsvoll leben.\u00bb<\/p>\n<p class=\"MsoPlainText\">&nbsp;<\/p>\n<p class=\"MsoPlainText\">K\u00e4\u00dfmann hat Anfang Juni ihren 65. Geburtstag gefeiert. Sie war von 1999 bis 2010 evangelische Landesbisch\u00f6fin in Hannover und stand 2009\/2010 als Ratsvorsitzende auch an der Spitze der Evangelischen Kirche in Deutschland (EKD).<\/p>\n<p class=\"MsoPlainText\">&nbsp;<\/p>\n<p class=\"MsoPlainText\">Bevor sie Bisch\u00f6fin wurde, war Margot K\u00e4\u00dfmann f\u00fcnf Jahre als Generalsekret\u00e4rin des Deutschen Evangelischen Kirchentags und zwei Jahre lang als Studienleiterin an der Evangelischen Akademie Hofgeismar bei Kassel t\u00e4tig. Zuvor hatte sie als Pfarrerin in Nordhessen gearbeitet. Wegen einer Autofahrt unter Alkoholeinfluss trat sie 2010 von ihrem Bischofsamt und vom EKD-Ratsvorsitz zur\u00fcck. Danach war sie Botschafterin f\u00fcr das Reformationsjubil\u00e4um 2017. Seit&nbsp;2018 ist sie im Ruhestand.<\/p>\n<p class=\"MsoPlainText\">&nbsp;<\/p>\n<p>Kirche-Oldenburg<br \/>\n<a href=\"https:\/\/www.kirche-oldenburg.de\/\/aktuell\/news-niedersachsen\/artikel\/mehr-als-ja-und-amen-margot-kaessmann-kommt-nach-bremen\" target=\"_blank\" rel=\"noopener\">\u00abMehr als Ja und Amen\u00bb: Margot K\u00e4\u00dfmann kommt nach Bremen<\/a><\/p>\n","protected":false},"excerpt":{"rendered":"<p>Bremen (epd). Die ehemalige hannoversche Landesbisch\u00f6fin und Bestsellerautorin Margot K\u00e4\u00dfmann kommt mit ihrem Programm \u00abMehr als Ja und Amen\u00bb in die Bremer Liebfrauenkirche. Bei dem Dialogkonzert wird sie am 28. November zusammen mit Clemens Bittlinger auftreten, wie der evangelische Gemeindepastor Stephan Kreutz am Samstag ank\u00fcndigte. &nbsp; Unter dem Titel \u00abMehr als Ja und Amen\u00bb hat K\u00e4\u00dfmann auch ein Buch herausgegeben, in dem sich die prominente Theologin den dr\u00e4ngenden Fragen der Gegenwart stellt. Ihr Pl\u00e4doyer: Christen d\u00fcrfen nicht zu allem Ja und Amen sagen, ihr Einsatz f\u00fcr Gerechtigkeit, Frieden und die Bewahrung der Sch\u00f6pfung ist gefragt: \u00abWir k\u00f6nnen nicht alles \u00e4ndern&#8230;<\/p>\n","protected":false},"author":7,"featured_media":0,"comment_status":"false","ping_status":"open","sticky":false,"template":"","format":"standard","meta":{"footnotes":""},"categories":[43],"tags":[44],"class_list":["post-24651","post","type-post","status-publish","format-standard","hentry","category-kirche-oldenburg","tag-kirche-oldenburg"],"_links":{"self":[{"href":"https:\/\/christusnews.de\/site\/wp-json\/wp\/v2\/posts\/24651","targetHints":{"allow":["GET"]}}],"collection":[{"href":"https:\/\/christusnews.de\/site\/wp-json\/wp\/v2\/posts"}],"about":[{"href":"https:\/\/christusnews.de\/site\/wp-json\/wp\/v2\/types\/post"}],"author":[{"embeddable":true,"href":"https:\/\/christusnews.de\/site\/wp-json\/wp\/v2\/users\/7"}],"replies":[{"embeddable":true,"href":"https:\/\/christusnews.de\/site\/wp-json\/wp\/v2\/comments?post=24651"}],"version-history":[{"count":1,"href":"https:\/\/christusnews.de\/site\/wp-json\/wp\/v2\/posts\/24651\/revisions"}],"predecessor-version":[{"id":24652,"href":"https:\/\/christusnews.de\/site\/wp-json\/wp\/v2\/posts\/24651\/revisions\/24652"}],"wp:attachment":[{"href":"https:\/\/christusnews.de\/site\/wp-json\/wp\/v2\/media?parent=24651"}],"wp:term":[{"taxonomy":"category","embeddable":true,"href":"https:\/\/christusnews.de\/site\/wp-json\/wp\/v2\/categories?post=24651"},{"taxonomy":"post_tag","embeddable":true,"href":"https:\/\/christusnews.de\/site\/wp-json\/wp\/v2\/tags?post=24651"}],"curies":[{"name":"wp","href":"https:\/\/api.w.org\/{rel}","templated":true}]}}