{"id":24674,"date":"2023-07-18T07:27:00","date_gmt":"2023-07-18T05:27:00","guid":{"rendered":"https:\/\/christusnews.de\/site\/2022-zweitgroesste-waldbraende-seit-beginn-der-aufzeichnungen\/"},"modified":"2023-07-19T11:18:06","modified_gmt":"2023-07-19T09:18:06","slug":"2022-zweitgroesste-waldbraende-seit-beginn-der-aufzeichnungen","status":"publish","type":"post","link":"https:\/\/christusnews.de\/site\/2022-zweitgroesste-waldbraende-seit-beginn-der-aufzeichnungen\/","title":{"rendered":"2022: Zweitgr\u00f6\u00dfte Waldbr\u00e4nde seit Beginn der Aufzeichnungen"},"content":{"rendered":"<p class=\"MsoPlainText\">Hann over\/Bonn (epd). Waldbr\u00e4nde haben im vergangenen Jahr in Deutschland eine Fl\u00e4che von der Gr\u00f6\u00dfe der Insel Borkum vernichtet.2022 habe es 2.397 Waldbr\u00e4nde gegeben, denen eine Fl\u00e4che von rund&nbsp;3.058 Hektar zum Opfer gefallen sei, ergibt die am Dienstag ver\u00f6ffentlichte Waldbrandstatistik 2022 der Bundesanstalt f\u00fcr Landwirtschaft und Ern\u00e4hrung in Bonn.<\/p>\n<p class=\"MsoPlainText\">&nbsp;<\/p>\n<p class=\"MsoPlainText\">Damit sei 2022 die zweitgr\u00f6\u00dfte Waldfl\u00e4che seit Beginn der Erhebung 1977 verbrannt, hie\u00df es. Lediglich 1992 lag der Wert mit 4.908 Hektar h\u00f6her. Auch die Zahl Br\u00e4nde habe mit 2.397 deutlich \u00fcber dem Mittelwert von 1.160 Br\u00e4nden pro Jahr gelegen.<\/p>\n<p class=\"MsoPlainText\">&nbsp;<\/p>\n<p class=\"MsoPlainText\">Niedersachsen lag mit 451 Br\u00e4nden auf 145 Hektar Fl\u00e4che im Mittelfeld des L\u00e4ndervergleichs. Am meisten betroffen war laut Statistik Brandenburg mit 523 Br\u00e4nden auf rund 1.426 Hektar Fl\u00e4che. Wegen der sandigen B\u00f6den und leicht brennbaren Kiefernw\u00e4lder sei das Bundesland besonders anf\u00e4llig f\u00fcr Waldbr\u00e4nde. Die zweitgr\u00f6\u00dfte Fl\u00e4che verbrannte in Sachsen mit 785 Hektar, verteilt auf 217 Br\u00e4nde. In Bremen, Hamburg und Schleswig-Holstein wurden keine Br\u00e4nde verzeichnet.<\/p>\n<p class=\"MsoPlainText\">&nbsp;<\/p>\n<p class=\"MsoPlainText\">Rund 42 Prozent der deutschen Waldfl\u00e4che verbrannte den Angaben zufolge aus ungekl\u00e4rten Ursachen, gefolgt von Brandstiftung (36 Prozent) sowie \u00absonstigen handlungsbedingten Einwirkungen\u00bb (11 Prozent), wie etwa Munition auf Truppen\u00fcbungspl\u00e4tzen. Zehn Prozent der Brandfl\u00e4chen seien auf Fahrl\u00e4ssigkeit, etwa von Campern oder Waldbesuchern zur\u00fcckzuf\u00fchren. Fast 70 Prozent aller Br\u00e4nde entstanden zwischen Juni und August.<\/p>\n<p>Kirche-Oldenburg<br \/>\n<a href=\"https:\/\/www.kirche-oldenburg.de\/\/aktuell\/news-niedersachsen\/artikel\/2022-zweitgroesste-waldbraende-seit-beginn-der-aufzeichnungen\" target=\"_blank\" rel=\"noopener\">2022: Zweitgr\u00f6\u00dfte Waldbr\u00e4nde seit Beginn der Aufzeichnungen<\/a><\/p>\n","protected":false},"excerpt":{"rendered":"<p>Hann over\/Bonn (epd). Waldbr\u00e4nde haben im vergangenen Jahr in Deutschland eine Fl\u00e4che von der Gr\u00f6\u00dfe der Insel Borkum vernichtet.2022 habe es 2.397 Waldbr\u00e4nde gegeben, denen eine Fl\u00e4che von rund&nbsp;3.058 Hektar zum Opfer gefallen sei, ergibt die am Dienstag ver\u00f6ffentlichte Waldbrandstatistik 2022 der Bundesanstalt f\u00fcr Landwirtschaft und Ern\u00e4hrung in Bonn. &nbsp; Damit sei 2022 die zweitgr\u00f6\u00dfte Waldfl\u00e4che seit Beginn der Erhebung 1977 verbrannt, hie\u00df es. Lediglich 1992 lag der Wert mit 4.908 Hektar h\u00f6her. Auch die Zahl Br\u00e4nde habe mit 2.397 deutlich \u00fcber dem Mittelwert von 1.160 Br\u00e4nden pro Jahr gelegen. &nbsp; Niedersachsen lag mit 451 Br\u00e4nden auf 145 Hektar Fl\u00e4che&#8230;<\/p>\n","protected":false},"author":7,"featured_media":0,"comment_status":"false","ping_status":"open","sticky":false,"template":"","format":"standard","meta":{"footnotes":""},"categories":[43],"tags":[44],"class_list":["post-24674","post","type-post","status-publish","format-standard","hentry","category-kirche-oldenburg","tag-kirche-oldenburg"],"_links":{"self":[{"href":"https:\/\/christusnews.de\/site\/wp-json\/wp\/v2\/posts\/24674","targetHints":{"allow":["GET"]}}],"collection":[{"href":"https:\/\/christusnews.de\/site\/wp-json\/wp\/v2\/posts"}],"about":[{"href":"https:\/\/christusnews.de\/site\/wp-json\/wp\/v2\/types\/post"}],"author":[{"embeddable":true,"href":"https:\/\/christusnews.de\/site\/wp-json\/wp\/v2\/users\/7"}],"replies":[{"embeddable":true,"href":"https:\/\/christusnews.de\/site\/wp-json\/wp\/v2\/comments?post=24674"}],"version-history":[{"count":1,"href":"https:\/\/christusnews.de\/site\/wp-json\/wp\/v2\/posts\/24674\/revisions"}],"predecessor-version":[{"id":24675,"href":"https:\/\/christusnews.de\/site\/wp-json\/wp\/v2\/posts\/24674\/revisions\/24675"}],"wp:attachment":[{"href":"https:\/\/christusnews.de\/site\/wp-json\/wp\/v2\/media?parent=24674"}],"wp:term":[{"taxonomy":"category","embeddable":true,"href":"https:\/\/christusnews.de\/site\/wp-json\/wp\/v2\/categories?post=24674"},{"taxonomy":"post_tag","embeddable":true,"href":"https:\/\/christusnews.de\/site\/wp-json\/wp\/v2\/tags?post=24674"}],"curies":[{"name":"wp","href":"https:\/\/api.w.org\/{rel}","templated":true}]}}