{"id":24680,"date":"2023-07-19T10:05:00","date_gmt":"2023-07-19T08:05:00","guid":{"rendered":"https:\/\/christusnews.de\/site\/betriebsarzt-fordert-hitzeschutz-ernst-nehmen-konzepte-entwickeln\/"},"modified":"2023-07-20T11:18:49","modified_gmt":"2023-07-20T09:18:49","slug":"betriebsarzt-fordert-hitzeschutz-ernst-nehmen-konzepte-entwickeln","status":"publish","type":"post","link":"https:\/\/christusnews.de\/site\/betriebsarzt-fordert-hitzeschutz-ernst-nehmen-konzepte-entwickeln\/","title":{"rendered":"Betriebsarzt fordert: Hitzeschutz ernst nehmen, Konzepte entwickeln"},"content":{"rendered":"<p class=\"MsoPlainText\">Hannover (epd). Der Nieders\u00e4chsische Landesvorsitzende des Verbandes Deutscher Betriebs- und Werks\u00e4rzte, Uwe Gerecke, hat die Diskussion um Hitzeschutz am Arbeitsplatz begr\u00fc\u00dft. Zwar sei es angesichts h\u00f6chst unterschiedlicher beruflicher Rahmenbedingungen unrealistisch, fl\u00e4chendeckend eine Siesta einzuf\u00fchren, sagte der Betriebsarzt im Gespr\u00e4ch mit dem Evangelischen Pressedienst (epd). \u00abEs ist aber gut, dass die Bedeutung von Hitzeschutz zunehmend erkannt wird und Konzepte erarbeitet werden.\u00bb<\/p>\n<p class=\"MsoPlainText\">&nbsp;<\/p>\n<p class=\"MsoPlainText\">Die Debatte um eine Siesta wurde am Dienstag vom Bundesverband der \u00c4rztinnen und \u00c4rzte des \u00f6ffentlichen Gesundheitsdienstes angesto\u00dfen. Der Verbandsvorsitzende Johannes Nie\u00dfen hatte vorgeschlagen, sich an Hitzetagen an den Arbeitsweisen der Menschen in s\u00fcdlichen L\u00e4ndern zu&nbsp;orientieren: Fr\u00fch aufstehen, in den Morgenstunden arbeiten, mittags Siesta machen.<\/p>\n<p class=\"MsoPlainText\">&nbsp;<\/p>\n<p class=\"MsoPlainText\">Grunds\u00e4tzlich k\u00f6nne es sinnvoll sein, an hei\u00dfen Tagen flexibel zu arbeiten, sagte Gerecke. Wer etwa schon um sechs statt um acht mit der Arbeit beginne, k\u00f6nne fr\u00fcher Feierabend machen oder eine Mittagspause einlegen und an weniger hei\u00dfen Tagen die Arbeit nachholen. Das lie\u00dfe sich freilich nicht in allen Berufen umsetzen. N\u00f6tig seien ma\u00dfgeschneiderte L\u00f6sungen.<\/p>\n<p class=\"MsoPlainText\">&nbsp;<\/p>\n<p class=\"MsoPlainText\">Grundlage daf\u00fcr bilde die Gef\u00e4hrdungsbeurteilung gem\u00e4\u00df betrieblichem Arbeitsschutz. Gemeinsam mit der Arbeitnehmervertretung m\u00fcsse geschaut werden, wie berufliche T\u00e4tigkeiten unter Hitzebedingungen neu gestaltet werden k\u00f6nnen. M\u00f6glichkeiten gebe es viele, etwa Gleitzeit- und Homeofficeregelungen, die Lockerung von Kleidungsregeln, n\u00e4chtliches L\u00fcften in den B\u00fcros, Ventilatoren und Au\u00dfenjalousien, das Bereitstellen von Getr\u00e4nken sowie die Verlagerung w\u00e4rmeerzeugender Ger\u00e4te wie Drucker in separate R\u00e4ume.<\/p>\n<p class=\"MsoPlainText\">&nbsp;<\/p>\n<p class=\"MsoPlainText\">Die Arbeitsst\u00e4ttenverordnung gebe zwar Orientierung. \u00abEs hapert aber an der Umsetzung\u00bb, sagte der Mediziner. Ein erster Grenzwert sei bei einer Lufttemperatur von \u00fcber 26 Grad erreicht. \u00abAb dem Punkt m\u00fcssen sich Arbeitgeber Gedanken machen.\u00bb Steigt das Thermometer auf 30 Grad oder mehr, seien sie verpflichtet, Schutzma\u00dfnahmen zu ergreifen, etwa kostenlose Getr\u00e4nke bereitzustellen. Steigen die Temperaturen auf \u00fcber 35 Grad, sei die Arbeit in der Regel nicht mehr zumutbar.<\/p>\n<p class=\"MsoPlainText\">&nbsp;<\/p>\n<p class=\"MsoPlainText\">M\u00f6glichen Auswirkungen von Hitze am Arbeitsplatz seien etwa Konzentrationsst\u00f6rungen, sinkender Blutdruck, steigende Herzfrequenz, Atem- und Kreislaufprobleme sowie Kopfschmerzen. \u00abMenschen k\u00f6nnen dann nicht mehr so gr\u00fcndlich arbeiten, und das hilft dem Arbeitgeber am Ende auch nicht weiter.\u00bb<\/p>\n<p class=\"MsoPlainText\">&nbsp;<\/p>\n<p class=\"MsoPlainText\">Gerade in verantwortungsvollen Berufen, in denen sehr konzentriert gearbeitet werden muss, sei deshalb auch der Einsatz von Klimaanlagen denkbar, sagte Gerecke. Die Temperatur solle aber m\u00f6glichst nicht zu weit herunterreguliert werden. \u00abEine Differenz zur Au\u00dfentemperatur von 6 Grad sollte reichen, sonst drohen Erk\u00e4ltungen.\u00bb<\/p>\n<p>Kirche-Oldenburg<br \/>\n<a href=\"https:\/\/www.kirche-oldenburg.de\/\/aktuell\/news-niedersachsen\/artikel\/betriebsarzt-fordert-hitzeschutz-ernst-nehmen-konzepte-entwickeln\" target=\"_blank\" rel=\"noopener\">Betriebsarzt fordert: Hitzeschutz ernst nehmen, Konzepte entwickeln<\/a><\/p>\n","protected":false},"excerpt":{"rendered":"<p>Hannover (epd). Der Nieders\u00e4chsische Landesvorsitzende des Verbandes Deutscher Betriebs- und Werks\u00e4rzte, Uwe Gerecke, hat die Diskussion um Hitzeschutz am Arbeitsplatz begr\u00fc\u00dft. Zwar sei es angesichts h\u00f6chst unterschiedlicher beruflicher Rahmenbedingungen unrealistisch, fl\u00e4chendeckend eine Siesta einzuf\u00fchren, sagte der Betriebsarzt im Gespr\u00e4ch mit dem Evangelischen Pressedienst (epd). \u00abEs ist aber gut, dass die Bedeutung von Hitzeschutz zunehmend erkannt wird und Konzepte erarbeitet werden.\u00bb &nbsp; Die Debatte um eine Siesta wurde am Dienstag vom Bundesverband der \u00c4rztinnen und \u00c4rzte des \u00f6ffentlichen Gesundheitsdienstes angesto\u00dfen. Der Verbandsvorsitzende Johannes Nie\u00dfen hatte vorgeschlagen, sich an Hitzetagen an den Arbeitsweisen der Menschen in s\u00fcdlichen L\u00e4ndern zu&nbsp;orientieren: Fr\u00fch aufstehen, in&#8230;<\/p>\n","protected":false},"author":7,"featured_media":0,"comment_status":"false","ping_status":"open","sticky":false,"template":"","format":"standard","meta":{"footnotes":""},"categories":[43],"tags":[44],"class_list":["post-24680","post","type-post","status-publish","format-standard","hentry","category-kirche-oldenburg","tag-kirche-oldenburg"],"_links":{"self":[{"href":"https:\/\/christusnews.de\/site\/wp-json\/wp\/v2\/posts\/24680","targetHints":{"allow":["GET"]}}],"collection":[{"href":"https:\/\/christusnews.de\/site\/wp-json\/wp\/v2\/posts"}],"about":[{"href":"https:\/\/christusnews.de\/site\/wp-json\/wp\/v2\/types\/post"}],"author":[{"embeddable":true,"href":"https:\/\/christusnews.de\/site\/wp-json\/wp\/v2\/users\/7"}],"replies":[{"embeddable":true,"href":"https:\/\/christusnews.de\/site\/wp-json\/wp\/v2\/comments?post=24680"}],"version-history":[{"count":1,"href":"https:\/\/christusnews.de\/site\/wp-json\/wp\/v2\/posts\/24680\/revisions"}],"predecessor-version":[{"id":24681,"href":"https:\/\/christusnews.de\/site\/wp-json\/wp\/v2\/posts\/24680\/revisions\/24681"}],"wp:attachment":[{"href":"https:\/\/christusnews.de\/site\/wp-json\/wp\/v2\/media?parent=24680"}],"wp:term":[{"taxonomy":"category","embeddable":true,"href":"https:\/\/christusnews.de\/site\/wp-json\/wp\/v2\/categories?post=24680"},{"taxonomy":"post_tag","embeddable":true,"href":"https:\/\/christusnews.de\/site\/wp-json\/wp\/v2\/tags?post=24680"}],"curies":[{"name":"wp","href":"https:\/\/api.w.org\/{rel}","templated":true}]}}