{"id":24682,"date":"2023-07-23T12:14:00","date_gmt":"2023-07-23T10:14:00","guid":{"rendered":"https:\/\/christusnews.de\/site\/frueherer-rki-chef-klimawandel-erhoeht-risiko-fuer-krankheiten\/"},"modified":"2023-07-24T23:17:48","modified_gmt":"2023-07-24T21:17:48","slug":"frueherer-rki-chef-klimawandel-erhoeht-risiko-fuer-krankheiten","status":"publish","type":"post","link":"https:\/\/christusnews.de\/site\/frueherer-rki-chef-klimawandel-erhoeht-risiko-fuer-krankheiten\/","title":{"rendered":"Fr\u00fcherer RKI-Chef: Klimawandel erh\u00f6ht Risiko f\u00fcr Krankheiten"},"content":{"rendered":"<p class=\"MsoPlainText\">Braunschweig\/Berlin (epd). Der ehemalige Pr\u00e4sident des Robert Koch-Instituts (RKI), Lothar Wieler, fordert mehr Aufmerksamkeit f\u00fcr Krankheiten, die sich aufgrund des Klimawandels ausbreiten. Durch die Erderw\u00e4rmung stiegen vielerorts die Wassertemperaturen, was etwa die Ausbreitung bestimmter Erreger wie Vibrionen oder Cholera beg\u00fcnstige, sagte Wieler, der am Hasso-Plattner-Institut in Potsdam forscht, den Zeitungen der Essener Funke Mediengruppe (Online Sonntag, Print Montag). Durch den Klimawandel vergr\u00f6\u00dfere sich auch der Lebensraum f\u00fcr Zecken sowie bestimmter M\u00fcckenarten und Stechfliegen und den mit ihnen verbundenen Infektionskrankheiten.<\/p>\n<p class=\"MsoPlainText\">&nbsp;<\/p>\n<p class=\"MsoPlainText\">\u00abEin Beispiel ist das West-Nil-Virus, das bei Menschen eine schwere Gehirnhautentz\u00fcndung ausl\u00f6sen kann\u00bb, sagte Wieler. \u00abBisher sind die Fallzahlen in Deutschland gering.\u00bb<\/p>\n<p class=\"MsoPlainText\">&nbsp;<\/p>\n<p class=\"MsoPlainText\">Der fr\u00fchere RKI-Chef, der am Hasso-Plattner-Institut im Bereich \u00abGlobal Public Health\u00bb zu Krankheitspr\u00e4vention und Bev\u00f6lkerungsgesundheit forscht, forderte gezielte Weiterbildungen f\u00fcr Haus\u00e4rzte, damit diese im Praxisalltag sensibilisiert seien. \u00abWenn ein Patient mit entsprechenden Symptomen in die Praxis kommt, m\u00fcssen die \u00c4rztinnen und \u00c4rzte die Hinweise richtig deuten k\u00f6nnen\u00bb, sagte Wieler. Das gelte auch f\u00fcr die Krankheiten, die von Zecken \u00fcbertragen werden &#8211; Borreliose und die Fr\u00fchsommer-Meningoenzephalitis (FSME) etwa. Denn die Verbreitung bestimmter Zecken nehme zu.<\/p>\n<p class=\"MsoPlainText\">&nbsp;<\/p>\n<p>Kirche-Oldenburg<br \/>\n<a href=\"https:\/\/www.kirche-oldenburg.de\/\/aktuell\/news-niedersachsen\/artikel\/frueherer-rki-chef-klimawandel-erhoeht-risiko-fuer-krankheiten\" target=\"_blank\" rel=\"noopener\">Fr\u00fcherer RKI-Chef: Klimawandel erh\u00f6ht Risiko f\u00fcr Krankheiten<\/a><\/p>\n","protected":false},"excerpt":{"rendered":"<p>Braunschweig\/Berlin (epd). Der ehemalige Pr\u00e4sident des Robert Koch-Instituts (RKI), Lothar Wieler, fordert mehr Aufmerksamkeit f\u00fcr Krankheiten, die sich aufgrund des Klimawandels ausbreiten. Durch die Erderw\u00e4rmung stiegen vielerorts die Wassertemperaturen, was etwa die Ausbreitung bestimmter Erreger wie Vibrionen oder Cholera beg\u00fcnstige, sagte Wieler, der am Hasso-Plattner-Institut in Potsdam forscht, den Zeitungen der Essener Funke Mediengruppe (Online Sonntag, Print Montag). Durch den Klimawandel vergr\u00f6\u00dfere sich auch der Lebensraum f\u00fcr Zecken sowie bestimmter M\u00fcckenarten und Stechfliegen und den mit ihnen verbundenen Infektionskrankheiten. &nbsp; \u00abEin Beispiel ist das West-Nil-Virus, das bei Menschen eine schwere Gehirnhautentz\u00fcndung ausl\u00f6sen kann\u00bb, sagte Wieler. \u00abBisher sind die Fallzahlen in&#8230;<\/p>\n","protected":false},"author":7,"featured_media":0,"comment_status":"false","ping_status":"open","sticky":false,"template":"","format":"standard","meta":{"footnotes":""},"categories":[43],"tags":[44],"class_list":["post-24682","post","type-post","status-publish","format-standard","hentry","category-kirche-oldenburg","tag-kirche-oldenburg"],"_links":{"self":[{"href":"https:\/\/christusnews.de\/site\/wp-json\/wp\/v2\/posts\/24682","targetHints":{"allow":["GET"]}}],"collection":[{"href":"https:\/\/christusnews.de\/site\/wp-json\/wp\/v2\/posts"}],"about":[{"href":"https:\/\/christusnews.de\/site\/wp-json\/wp\/v2\/types\/post"}],"author":[{"embeddable":true,"href":"https:\/\/christusnews.de\/site\/wp-json\/wp\/v2\/users\/7"}],"replies":[{"embeddable":true,"href":"https:\/\/christusnews.de\/site\/wp-json\/wp\/v2\/comments?post=24682"}],"version-history":[{"count":1,"href":"https:\/\/christusnews.de\/site\/wp-json\/wp\/v2\/posts\/24682\/revisions"}],"predecessor-version":[{"id":24683,"href":"https:\/\/christusnews.de\/site\/wp-json\/wp\/v2\/posts\/24682\/revisions\/24683"}],"wp:attachment":[{"href":"https:\/\/christusnews.de\/site\/wp-json\/wp\/v2\/media?parent=24682"}],"wp:term":[{"taxonomy":"category","embeddable":true,"href":"https:\/\/christusnews.de\/site\/wp-json\/wp\/v2\/categories?post=24682"},{"taxonomy":"post_tag","embeddable":true,"href":"https:\/\/christusnews.de\/site\/wp-json\/wp\/v2\/tags?post=24682"}],"curies":[{"name":"wp","href":"https:\/\/api.w.org\/{rel}","templated":true}]}}