{"id":24690,"date":"2023-07-20T12:05:00","date_gmt":"2023-07-20T10:05:00","guid":{"rendered":"https:\/\/christusnews.de\/site\/diakonie-hitzeschutz-fuer-obdachlose-ist-daseinsvorsorge\/"},"modified":"2023-07-24T23:17:50","modified_gmt":"2023-07-24T21:17:50","slug":"diakonie-hitzeschutz-fuer-obdachlose-ist-daseinsvorsorge","status":"publish","type":"post","link":"https:\/\/christusnews.de\/site\/diakonie-hitzeschutz-fuer-obdachlose-ist-daseinsvorsorge\/","title":{"rendered":"Diakonie: Hitzeschutz f\u00fcr Obdachlose ist Daseinsvorsorge"},"content":{"rendered":"<p class=\"MsoPlainText\">Hannover (epd). Die Diakonie in Niedersachsen hat sich Forderungen angeschlossen, Wohnungslose in kommunalen Hitzeschutzpl\u00e4nen explizit mitzubedenken. \u00abDas geh\u00f6rt zum Bereich der Daseinvorsorge\u00bb, sagte eine Sprecherin am Donnerstag dem Evangelischen Pressedienst (epd).&nbsp;Die Kommunen m\u00fcssten gr\u00f6\u00dfere Anstrengungen unternehmen, etwa indem sie mehr Trinkwasserbrunnen anb\u00f6ten oder kostenlose \u00f6ffentliche Toiletten und Duschen in St\u00e4dten bereitstellten.<\/p>\n<p class=\"MsoPlainText\">&nbsp;<\/p>\n<p class=\"MsoPlainText\">\u00c4hnliche Forderungen hatten zuvor bereits die Landesarmutskonferenz und die Bundesarbeitsgemeinschaft Wohnungslosenhilfe in Berlin erhoben. Bereits 2020 hatte die Gesundheitsministerkonferenz die Kommunen dazu aufgerufen, innerhalb von f\u00fcnf Jahren Hitzeaktionspl\u00e4ne zu entwickeln, um auf den Klimawandel zu reagieren. Zum Arbeitsstand will sich der nieders\u00e4chsische St\u00e4dtetag in den kommenden Tagen \u00e4u\u00dfern, wie ein Sprecher auf epd-Anfrage mitteilte.<\/p>\n<p>Kirche-Oldenburg<br \/>\n<a href=\"https:\/\/www.kirche-oldenburg.de\/\/aktuell\/news-niedersachsen\/artikel\/diakonie-hitzeschutz-fuer-obdachlose-ist-daseinsvorsorge\" target=\"_blank\" rel=\"noopener\">Diakonie: Hitzeschutz f\u00fcr Obdachlose ist Daseinsvorsorge<\/a><\/p>\n","protected":false},"excerpt":{"rendered":"<p>Hannover (epd). Die Diakonie in Niedersachsen hat sich Forderungen angeschlossen, Wohnungslose in kommunalen Hitzeschutzpl\u00e4nen explizit mitzubedenken. \u00abDas geh\u00f6rt zum Bereich der Daseinvorsorge\u00bb, sagte eine Sprecherin am Donnerstag dem Evangelischen Pressedienst (epd).&nbsp;Die Kommunen m\u00fcssten gr\u00f6\u00dfere Anstrengungen unternehmen, etwa indem sie mehr Trinkwasserbrunnen anb\u00f6ten oder kostenlose \u00f6ffentliche Toiletten und Duschen in St\u00e4dten bereitstellten. &nbsp; \u00c4hnliche Forderungen hatten zuvor bereits die Landesarmutskonferenz und die Bundesarbeitsgemeinschaft Wohnungslosenhilfe in Berlin erhoben. Bereits 2020 hatte die Gesundheitsministerkonferenz die Kommunen dazu aufgerufen, innerhalb von f\u00fcnf Jahren Hitzeaktionspl\u00e4ne zu entwickeln, um auf den Klimawandel zu reagieren. Zum Arbeitsstand will sich der nieders\u00e4chsische St\u00e4dtetag in den kommenden Tagen \u00e4u\u00dfern,&#8230;<\/p>\n","protected":false},"author":7,"featured_media":0,"comment_status":"false","ping_status":"open","sticky":false,"template":"","format":"standard","meta":{"footnotes":""},"categories":[43],"tags":[44],"class_list":["post-24690","post","type-post","status-publish","format-standard","hentry","category-kirche-oldenburg","tag-kirche-oldenburg"],"_links":{"self":[{"href":"https:\/\/christusnews.de\/site\/wp-json\/wp\/v2\/posts\/24690","targetHints":{"allow":["GET"]}}],"collection":[{"href":"https:\/\/christusnews.de\/site\/wp-json\/wp\/v2\/posts"}],"about":[{"href":"https:\/\/christusnews.de\/site\/wp-json\/wp\/v2\/types\/post"}],"author":[{"embeddable":true,"href":"https:\/\/christusnews.de\/site\/wp-json\/wp\/v2\/users\/7"}],"replies":[{"embeddable":true,"href":"https:\/\/christusnews.de\/site\/wp-json\/wp\/v2\/comments?post=24690"}],"version-history":[{"count":1,"href":"https:\/\/christusnews.de\/site\/wp-json\/wp\/v2\/posts\/24690\/revisions"}],"predecessor-version":[{"id":24691,"href":"https:\/\/christusnews.de\/site\/wp-json\/wp\/v2\/posts\/24690\/revisions\/24691"}],"wp:attachment":[{"href":"https:\/\/christusnews.de\/site\/wp-json\/wp\/v2\/media?parent=24690"}],"wp:term":[{"taxonomy":"category","embeddable":true,"href":"https:\/\/christusnews.de\/site\/wp-json\/wp\/v2\/categories?post=24690"},{"taxonomy":"post_tag","embeddable":true,"href":"https:\/\/christusnews.de\/site\/wp-json\/wp\/v2\/tags?post=24690"}],"curies":[{"name":"wp","href":"https:\/\/api.w.org\/{rel}","templated":true}]}}