{"id":24692,"date":"2023-07-20T12:04:00","date_gmt":"2023-07-20T10:04:00","guid":{"rendered":"https:\/\/christusnews.de\/site\/sozialverband-fordert-hoehere-leistungen-der-pflegeversicherung\/"},"modified":"2023-07-24T23:17:50","modified_gmt":"2023-07-24T21:17:50","slug":"sozialverband-fordert-hoehere-leistungen-der-pflegeversicherung","status":"publish","type":"post","link":"https:\/\/christusnews.de\/site\/sozialverband-fordert-hoehere-leistungen-der-pflegeversicherung\/","title":{"rendered":"Sozialverband fordert h\u00f6here Leistungen der Pflegeversicherung"},"content":{"rendered":"<p class=\"MsoPlainText\">Oldenburg (epd). Vor dem Hintergrund steigender Heimkosten fordert der Sozialverband VdK Niedersachsen-Bremen eine Erh\u00f6hung der Pflegeversicherungsleistungen. Sie m\u00fcssten sich an Inflation und Pflegelohnentwicklung orientieren, erkl\u00e4rte am Donnerstag der VdK-Landesvorsitzende Friedrich Stubbe in Oldenburg.<\/p>\n<p class=\"MsoPlainText\">&nbsp;<\/p>\n<p class=\"MsoPlainText\">\u00abDer Sozialverband VdK kritisiert schon seit geraumer Zeit, dass die berechtigten Lohnerh\u00f6hungen f\u00fcr das Pflegepersonal sowie andere Preissteigerungen einfach an die Pflegebed\u00fcrftigen durchgereicht werden\u00bb, sagte Stubbe und erg\u00e4nzte: \u00abEs darf nicht sein, dass Pflege die Menschen arm macht.\u00bb<\/p>\n<p class=\"MsoPlainText\">&nbsp;<\/p>\n<p class=\"MsoPlainText\">Zwar zahle die Pflegeversicherung seit 2022 Zusch\u00fcsse an die Heimbewohner f\u00fcr die Pflege- und Betreuungskosten, hie\u00df es. Allerdings federten diese Zusch\u00fcsse die starken Kostensteigerungen in den meisten F\u00e4llen nicht ab. Neben h\u00f6heren Lohnkosten sei f\u00fcr den Anstieg der Eigenbeteiligung auch die hohe Inflation verantwortlich. Stubbe: \u00abDie Politik hat es vers\u00e4umt, die tarifliche Bezahlung von Pflegekr\u00e4ften &#8211; die wir nat\u00fcrlich begr\u00fc\u00dfen &#8211; vern\u00fcnftig gegenzufinanzieren. Eine zeitgem\u00e4\u00dfe Finanzierungsreform ist unerl\u00e4sslich.\u00bb<\/p>\n<p class=\"MsoPlainText\">&nbsp;<\/p>\n<p class=\"MsoPlainText\">Laut aktuellen Daten des Verbandes der Ersatzkassen (vdek) muss eine pflegebed\u00fcrftige Person in den ersten zw\u00f6lf Monaten ihres Heimaufenthaltes in Niedersachsen als Eigenanteil durchschnittlich 2.306 Euro zahlen &#8211; 431 Euro und somit knapp 23 Prozent mehr als im Vorjahr (Stand: Juli 2023). Im Land Bremen sind es durchschnittlich&nbsp;2.504 Euro, 326 Euro mehr als ein Jahr zuvor (plus 15 Prozent).<\/p>\n<p>Kirche-Oldenburg<br \/>\n<a href=\"https:\/\/www.kirche-oldenburg.de\/\/aktuell\/news-niedersachsen\/artikel\/sozialverband-fordert-hoehere-leistungen-der-pflegeversicherung\" target=\"_blank\" rel=\"noopener\">Sozialverband fordert h\u00f6here Leistungen der Pflegeversicherung<\/a><\/p>\n","protected":false},"excerpt":{"rendered":"<p>Oldenburg (epd). Vor dem Hintergrund steigender Heimkosten fordert der Sozialverband VdK Niedersachsen-Bremen eine Erh\u00f6hung der Pflegeversicherungsleistungen. Sie m\u00fcssten sich an Inflation und Pflegelohnentwicklung orientieren, erkl\u00e4rte am Donnerstag der VdK-Landesvorsitzende Friedrich Stubbe in Oldenburg. &nbsp; \u00abDer Sozialverband VdK kritisiert schon seit geraumer Zeit, dass die berechtigten Lohnerh\u00f6hungen f\u00fcr das Pflegepersonal sowie andere Preissteigerungen einfach an die Pflegebed\u00fcrftigen durchgereicht werden\u00bb, sagte Stubbe und erg\u00e4nzte: \u00abEs darf nicht sein, dass Pflege die Menschen arm macht.\u00bb &nbsp; Zwar zahle die Pflegeversicherung seit 2022 Zusch\u00fcsse an die Heimbewohner f\u00fcr die Pflege- und Betreuungskosten, hie\u00df es. Allerdings federten diese Zusch\u00fcsse die starken Kostensteigerungen in den meisten&#8230;<\/p>\n","protected":false},"author":7,"featured_media":0,"comment_status":"false","ping_status":"open","sticky":false,"template":"","format":"standard","meta":{"footnotes":""},"categories":[43],"tags":[44],"class_list":["post-24692","post","type-post","status-publish","format-standard","hentry","category-kirche-oldenburg","tag-kirche-oldenburg"],"_links":{"self":[{"href":"https:\/\/christusnews.de\/site\/wp-json\/wp\/v2\/posts\/24692","targetHints":{"allow":["GET"]}}],"collection":[{"href":"https:\/\/christusnews.de\/site\/wp-json\/wp\/v2\/posts"}],"about":[{"href":"https:\/\/christusnews.de\/site\/wp-json\/wp\/v2\/types\/post"}],"author":[{"embeddable":true,"href":"https:\/\/christusnews.de\/site\/wp-json\/wp\/v2\/users\/7"}],"replies":[{"embeddable":true,"href":"https:\/\/christusnews.de\/site\/wp-json\/wp\/v2\/comments?post=24692"}],"version-history":[{"count":1,"href":"https:\/\/christusnews.de\/site\/wp-json\/wp\/v2\/posts\/24692\/revisions"}],"predecessor-version":[{"id":24693,"href":"https:\/\/christusnews.de\/site\/wp-json\/wp\/v2\/posts\/24692\/revisions\/24693"}],"wp:attachment":[{"href":"https:\/\/christusnews.de\/site\/wp-json\/wp\/v2\/media?parent=24692"}],"wp:term":[{"taxonomy":"category","embeddable":true,"href":"https:\/\/christusnews.de\/site\/wp-json\/wp\/v2\/categories?post=24692"},{"taxonomy":"post_tag","embeddable":true,"href":"https:\/\/christusnews.de\/site\/wp-json\/wp\/v2\/tags?post=24692"}],"curies":[{"name":"wp","href":"https:\/\/api.w.org\/{rel}","templated":true}]}}