{"id":24694,"date":"2023-07-24T10:47:00","date_gmt":"2023-07-24T08:47:00","guid":{"rendered":"https:\/\/christusnews.de\/site\/missbrauchsverdacht-gegen-reformierten-pastor\/"},"modified":"2023-07-25T11:17:38","modified_gmt":"2023-07-25T09:17:38","slug":"missbrauchsverdacht-gegen-reformierten-pastor","status":"publish","type":"post","link":"https:\/\/christusnews.de\/site\/missbrauchsverdacht-gegen-reformierten-pastor\/","title":{"rendered":"Missbrauchsverdacht gegen reformierten Pastor"},"content":{"rendered":"<p class=\"MsoPlainText\">Leer (epd). Ein ehemaliger Pastor der Evangelisch-reformierten Kirche wird des sexuellen Missbrauchs verd\u00e4chtigt. Eine Frau habe sich bei der neu eingerichteten Fachstelle der Landeskirche f\u00fcr die Pr\u00e4vention vor sexualisierter Gewalt gemeldet, teilte eine Sprecherin der reformierten Kirche am Montag in Leer mit. Laut der sofort eingeschalteten zust\u00e4ndigen Staatsanwaltschaft sei der Fall verj\u00e4hrt.&nbsp; Dennoch habe die Kirche gegen den mutma\u00dflichen T\u00e4ter ein kirchliches Disziplinarverfahren eingeleitet. Zum Schutz der Betroffenen werde die Kirche zun\u00e4chst keine weiteren Ausk\u00fcnfte erteilen.<\/p>\n<p class=\"MsoPlainText\">&nbsp;<\/p>\n<p class=\"MsoPlainText\">Die reformierte Kirche hat Anfang dieses Jahres erstmals eine eigene Fachstelle f\u00fcr die Pr\u00e4vention zum Schutz vor sexualisierter Gewalt eingerichtet. Geleitet wird sie von Manuela Feldmann. Sie begleitet die Gemeinden und Synodalverb\u00e4nde in allen Fragen dieses Prozesses und entwickelt f\u00fcr die Landeskirche ein Schutzkonzept. Sie ist unter der Nummer 0491\/9198-199 oder per E-Mail unter <a href=\"mailto:manuela.feldmann@reformiert.de\">manuela.feldmann@reformiert.de<\/a> erreichbar.<\/p>\n<p class=\"MsoPlainText\">&nbsp;<\/p>\n<p class=\"MsoPlainText\">Zur Evangelisch-reformierten Kirche mit Sitz in Leer geh\u00f6ren rund&nbsp;159.000 Mitglieder in 143 Gemeinden zwischen Ostfriesland und dem Allg\u00e4u.<\/p>\n<p>Kirche-Oldenburg<br \/>\n<a href=\"https:\/\/www.kirche-oldenburg.de\/\/aktuell\/news-niedersachsen\/artikel\/missbrauchsverdacht-gegen-reformierten-pastor\" target=\"_blank\" rel=\"noopener\">Missbrauchsverdacht gegen reformierten Pastor<\/a><\/p>\n","protected":false},"excerpt":{"rendered":"<p>Leer (epd). Ein ehemaliger Pastor der Evangelisch-reformierten Kirche wird des sexuellen Missbrauchs verd\u00e4chtigt. Eine Frau habe sich bei der neu eingerichteten Fachstelle der Landeskirche f\u00fcr die Pr\u00e4vention vor sexualisierter Gewalt gemeldet, teilte eine Sprecherin der reformierten Kirche am Montag in Leer mit. Laut der sofort eingeschalteten zust\u00e4ndigen Staatsanwaltschaft sei der Fall verj\u00e4hrt.&nbsp; Dennoch habe die Kirche gegen den mutma\u00dflichen T\u00e4ter ein kirchliches Disziplinarverfahren eingeleitet. Zum Schutz der Betroffenen werde die Kirche zun\u00e4chst keine weiteren Ausk\u00fcnfte erteilen. &nbsp; Die reformierte Kirche hat Anfang dieses Jahres erstmals eine eigene Fachstelle f\u00fcr die Pr\u00e4vention zum Schutz vor sexualisierter Gewalt eingerichtet. Geleitet wird sie&#8230;<\/p>\n","protected":false},"author":7,"featured_media":0,"comment_status":"false","ping_status":"open","sticky":false,"template":"","format":"standard","meta":{"footnotes":""},"categories":[43],"tags":[44],"class_list":["post-24694","post","type-post","status-publish","format-standard","hentry","category-kirche-oldenburg","tag-kirche-oldenburg"],"_links":{"self":[{"href":"https:\/\/christusnews.de\/site\/wp-json\/wp\/v2\/posts\/24694","targetHints":{"allow":["GET"]}}],"collection":[{"href":"https:\/\/christusnews.de\/site\/wp-json\/wp\/v2\/posts"}],"about":[{"href":"https:\/\/christusnews.de\/site\/wp-json\/wp\/v2\/types\/post"}],"author":[{"embeddable":true,"href":"https:\/\/christusnews.de\/site\/wp-json\/wp\/v2\/users\/7"}],"replies":[{"embeddable":true,"href":"https:\/\/christusnews.de\/site\/wp-json\/wp\/v2\/comments?post=24694"}],"version-history":[{"count":1,"href":"https:\/\/christusnews.de\/site\/wp-json\/wp\/v2\/posts\/24694\/revisions"}],"predecessor-version":[{"id":24695,"href":"https:\/\/christusnews.de\/site\/wp-json\/wp\/v2\/posts\/24694\/revisions\/24695"}],"wp:attachment":[{"href":"https:\/\/christusnews.de\/site\/wp-json\/wp\/v2\/media?parent=24694"}],"wp:term":[{"taxonomy":"category","embeddable":true,"href":"https:\/\/christusnews.de\/site\/wp-json\/wp\/v2\/categories?post=24694"},{"taxonomy":"post_tag","embeddable":true,"href":"https:\/\/christusnews.de\/site\/wp-json\/wp\/v2\/tags?post=24694"}],"curies":[{"name":"wp","href":"https:\/\/api.w.org\/{rel}","templated":true}]}}