{"id":24698,"date":"2023-07-25T16:23:55","date_gmt":"2023-07-25T14:23:55","guid":{"rendered":"https:\/\/christusnews.de\/site\/?p=24698"},"modified":"2023-07-25T16:24:34","modified_gmt":"2023-07-25T14:24:34","slug":"kirchenfuehrung-durch-die-christus-und-garnisonkirche-2","status":"publish","type":"post","link":"https:\/\/christusnews.de\/site\/kirchenfuehrung-durch-die-christus-und-garnisonkirche-2\/","title":{"rendered":"Kirchenf\u00fchrung am 28. 7. durch die Christus- und Garnisonkirche"},"content":{"rendered":"\n<p><strong>Kirchenf\u00fchrung durch die Christus- und Garnisonkirche<\/strong><\/p>\n\n\n\n<p>So viele Geschichten erz\u00e4hlt die Christus- und Garnisonkirche. Jedes Jahr gibt es f\u00fcr G\u00e4ste aus ganz Deutschland immer wieder Kirchenf\u00fchrungen. Nur f\u00fcr Menschen aus WHV gibt es das nicht regelm\u00e4\u00dfig. Das soll jetzt anders werden. 60 Minuten geballte Informationen, Anekdoten, Geistliches und Komisches aus der Kirche k\u00f6nnen Besuchende am Freitag, 28. Juli um 17 Uhr erfahren. Anmeldung ist nicht n\u00f6tig. Pastor Frank Morgenstern freut sich auf ihr und Euer Kommen. Herzliche Einladung!<\/p>\n","protected":false},"excerpt":{"rendered":"<p>Kirchenf\u00fchrung durch die Christus- und Garnisonkirche So viele Geschichten erz\u00e4hlt die Christus- und Garnisonkirche. Jedes Jahr gibt es f\u00fcr G\u00e4ste aus ganz Deutschland immer wieder Kirchenf\u00fchrungen. Nur f\u00fcr Menschen aus WHV gibt es das nicht regelm\u00e4\u00dfig. Das soll jetzt anders werden. 60 Minuten geballte Informationen, Anekdoten, Geistliches und Komisches aus der Kirche k\u00f6nnen Besuchende am Freitag, 28. Juli um 17 Uhr erfahren. Anmeldung ist nicht n\u00f6tig. Pastor Frank Morgenstern freut sich auf ihr und Euer Kommen. Herzliche Einladung!<\/p>\n","protected":false},"author":2,"featured_media":24236,"comment_status":"closed","ping_status":"open","sticky":false,"template":"","format":"standard","meta":{"footnotes":""},"categories":[1],"tags":[],"class_list":["post-24698","post","type-post","status-publish","format-standard","has-post-thumbnail","hentry","category-gemeinde"],"_links":{"self":[{"href":"https:\/\/christusnews.de\/site\/wp-json\/wp\/v2\/posts\/24698","targetHints":{"allow":["GET"]}}],"collection":[{"href":"https:\/\/christusnews.de\/site\/wp-json\/wp\/v2\/posts"}],"about":[{"href":"https:\/\/christusnews.de\/site\/wp-json\/wp\/v2\/types\/post"}],"author":[{"embeddable":true,"href":"https:\/\/christusnews.de\/site\/wp-json\/wp\/v2\/users\/2"}],"replies":[{"embeddable":true,"href":"https:\/\/christusnews.de\/site\/wp-json\/wp\/v2\/comments?post=24698"}],"version-history":[{"count":2,"href":"https:\/\/christusnews.de\/site\/wp-json\/wp\/v2\/posts\/24698\/revisions"}],"predecessor-version":[{"id":24700,"href":"https:\/\/christusnews.de\/site\/wp-json\/wp\/v2\/posts\/24698\/revisions\/24700"}],"wp:featuredmedia":[{"embeddable":true,"href":"https:\/\/christusnews.de\/site\/wp-json\/wp\/v2\/media\/24236"}],"wp:attachment":[{"href":"https:\/\/christusnews.de\/site\/wp-json\/wp\/v2\/media?parent=24698"}],"wp:term":[{"taxonomy":"category","embeddable":true,"href":"https:\/\/christusnews.de\/site\/wp-json\/wp\/v2\/categories?post=24698"},{"taxonomy":"post_tag","embeddable":true,"href":"https:\/\/christusnews.de\/site\/wp-json\/wp\/v2\/tags?post=24698"}],"curies":[{"name":"wp","href":"https:\/\/api.w.org\/{rel}","templated":true}]}}