{"id":24703,"date":"2023-07-25T08:44:00","date_gmt":"2023-07-25T06:44:00","guid":{"rendered":"https:\/\/christusnews.de\/site\/fairkauf-gruender-fahlbusch-mit-bundesverdienstkreuz-geehrt\/"},"modified":"2023-07-26T11:17:36","modified_gmt":"2023-07-26T09:17:36","slug":"fairkauf-gruender-fahlbusch-mit-bundesverdienstkreuz-geehrt","status":"publish","type":"post","link":"https:\/\/christusnews.de\/site\/fairkauf-gruender-fahlbusch-mit-bundesverdienstkreuz-geehrt\/","title":{"rendered":"\u00abFairkauf\u00bb-Gr\u00fcnder Fahlbusch mit Bundesverdienstkreuz geehrt"},"content":{"rendered":"<p>Hannover (epd). Der Mitbegr\u00fcnder und fr\u00fchere Vorstandsvorsitzende des Sozialkaufhauses \u00abfairkauf\u00bb in Hannover, Reinhold Fahlbusch (76), ist mit dem Bundesverdienstkreuz geehrt worden. Oberb\u00fcrgermeister Belit Onay (Gr\u00fcne) \u00fcberreichte dem fr\u00fcheren Bankmanager die Auszeichnung am Dienstag im Neuen Rathaus f\u00fcr sein langj\u00e4hriges ehrenamtliches Engagement zugunsten sozialer Einrichtungen und langzeitarbeitsloser Menschen, wie die Stadt Hannover mitteilte.<\/p>\n<p>\nFahlbusch hatte das von ihm konzipierte Sozialkaufhaus in der hannoverschen Innenstadt 2007 mitbegr\u00fcndet und bis zu seinem Eintritt in den Ruhestand 2015 geleitet. In dem Second-Hand-Kaufhaus k\u00f6nnen gut erhaltene gebrauchte Waren zu g\u00fcnstigen Preisen erworben werden. Daf\u00fcr wurden Mitarbeiter fest angestellt, die zuvor lange arbeitslos waren. Unter der Leitung von Fahlbusch expandierte das Kaufhaus mit mehreren Filialen und wurde mit bundesweiten Preisen ausgezeichnet.<\/p>\n<p>\nVon 2007 bis 2015 war Fahlbusch zudem Mitglied im Aufsichtsrat des Diakonischen Werkes in Hannover. 2010 wurde er Vorsteher der Johann Jobst Wagenereschen Stiftung, die bed\u00fcrftige Menschen unterst\u00fctzt. 2020 gr\u00fcndete Fahlbusch den Verein \u00abStimme der Ungeh\u00f6rten\u00bb, der sich f\u00fcr wohnungslose Menschen einsetzt.<\/p>\n<p>Kirche-Oldenburg<br \/>\n<a href=\"https:\/\/www.kirche-oldenburg.de\/\/aktuell\/news-niedersachsen\/artikel\/fairkauf-gruender-fahlbusch-mit-bundesverdienstkreuz-geehrt\" target=\"_blank\" rel=\"noopener\">\u00abFairkauf\u00bb-Gr\u00fcnder Fahlbusch mit Bundesverdienstkreuz geehrt<\/a><\/p>\n","protected":false},"excerpt":{"rendered":"<p>Hannover (epd). Der Mitbegr\u00fcnder und fr\u00fchere Vorstandsvorsitzende des Sozialkaufhauses \u00abfairkauf\u00bb in Hannover, Reinhold Fahlbusch (76), ist mit dem Bundesverdienstkreuz geehrt worden. Oberb\u00fcrgermeister Belit Onay (Gr\u00fcne) \u00fcberreichte dem fr\u00fcheren Bankmanager die Auszeichnung am Dienstag im Neuen Rathaus f\u00fcr sein langj\u00e4hriges ehrenamtliches Engagement zugunsten sozialer Einrichtungen und langzeitarbeitsloser Menschen, wie die Stadt Hannover mitteilte. Fahlbusch hatte das von ihm konzipierte Sozialkaufhaus in der hannoverschen Innenstadt 2007 mitbegr\u00fcndet und bis zu seinem Eintritt in den Ruhestand 2015 geleitet. In dem Second-Hand-Kaufhaus k\u00f6nnen gut erhaltene gebrauchte Waren zu g\u00fcnstigen Preisen erworben werden. Daf\u00fcr wurden Mitarbeiter fest angestellt, die zuvor lange arbeitslos waren. Unter der&#8230;<\/p>\n","protected":false},"author":7,"featured_media":0,"comment_status":"false","ping_status":"open","sticky":false,"template":"","format":"standard","meta":{"footnotes":""},"categories":[43],"tags":[44],"class_list":["post-24703","post","type-post","status-publish","format-standard","hentry","category-kirche-oldenburg","tag-kirche-oldenburg"],"_links":{"self":[{"href":"https:\/\/christusnews.de\/site\/wp-json\/wp\/v2\/posts\/24703","targetHints":{"allow":["GET"]}}],"collection":[{"href":"https:\/\/christusnews.de\/site\/wp-json\/wp\/v2\/posts"}],"about":[{"href":"https:\/\/christusnews.de\/site\/wp-json\/wp\/v2\/types\/post"}],"author":[{"embeddable":true,"href":"https:\/\/christusnews.de\/site\/wp-json\/wp\/v2\/users\/7"}],"replies":[{"embeddable":true,"href":"https:\/\/christusnews.de\/site\/wp-json\/wp\/v2\/comments?post=24703"}],"version-history":[{"count":1,"href":"https:\/\/christusnews.de\/site\/wp-json\/wp\/v2\/posts\/24703\/revisions"}],"predecessor-version":[{"id":24704,"href":"https:\/\/christusnews.de\/site\/wp-json\/wp\/v2\/posts\/24703\/revisions\/24704"}],"wp:attachment":[{"href":"https:\/\/christusnews.de\/site\/wp-json\/wp\/v2\/media?parent=24703"}],"wp:term":[{"taxonomy":"category","embeddable":true,"href":"https:\/\/christusnews.de\/site\/wp-json\/wp\/v2\/categories?post=24703"},{"taxonomy":"post_tag","embeddable":true,"href":"https:\/\/christusnews.de\/site\/wp-json\/wp\/v2\/tags?post=24703"}],"curies":[{"name":"wp","href":"https:\/\/api.w.org\/{rel}","templated":true}]}}