{"id":24707,"date":"2023-07-26T14:24:08","date_gmt":"2023-07-26T12:24:08","guid":{"rendered":"https:\/\/christusnews.de\/site\/wie-wollen-wir-morgen-leben\/"},"modified":"2023-07-26T23:18:16","modified_gmt":"2023-07-26T21:18:16","slug":"wie-wollen-wir-morgen-leben","status":"publish","type":"post","link":"https:\/\/christusnews.de\/site\/wie-wollen-wir-morgen-leben\/","title":{"rendered":"\u201eWie wollen wir morgen leben?\u201c"},"content":{"rendered":"<p>Zum 90-j\u00e4hrigen Jubil\u00e4um des Bestehens des Landkreises Friesland l\u00e4dt das Demokratieprojekt FrieslandVisionen zu der Sommer-Veranstaltungsreihe \u201eZehn Reden f\u00fcr unser Leben an der K\u00fcste: Wie wollen wir morgen leben?\u201c in Varel ein. Dr. Andreas Philippi, Minister f\u00fcr Soziales, Arbeit, Gesundheit und Gleichstellung des Landes Niedersachsen, wird seine Zukunftsvisionen am <strong>Sonnabend, 29. Juli,<\/strong> im Forum Alte Kirche, Osterstr. 5, vorstellen. Die Veranstaltung beginnt um <strong>13.30 Uhr.<\/strong> Dabei wird es auch um die Neuordnung und Sicherung der Krankenhausversorgung im Nordwesten und im Landkreis Friesland gehen. Der Landkreis wird durch die Erste Kreisr\u00e4tin, Silke Vogelbusch, vertreten. Die Veranstaltung wird musikalisch durch Matt Glandorf, Cloppenburg, begleitet.<br \/>\n&nbsp; &nbsp;<br \/>\nDie Reihe der FrieslandVisionen ist offizieller Teil des Festprogramms des Landkreises. Mitveranstalter sind der Ev.-luth. Kirchenkreis Friesland-Wilhelmshaven, die Volkshochschule Friesland-Wittmund, das Rogate-Kloster Sankt Michael und der Beauftragte f\u00fcr den interreligi\u00f6sen Dialog des Landkreises.&nbsp;<br \/>\n&nbsp; &nbsp;<br \/>\nDie FrieslandVisionen werden durch das F\u00f6rder- und Qualifizierungsprogramm \u201eMITEINANDER REDEN \u2013 Gespr\u00e4che gestalten \u2013 Gemeinsam handeln\u201c f\u00fcr Akteur*innen in l\u00e4ndlichen R\u00e4umen durch die Bundeszentrale f\u00fcr politische Bildung gef\u00f6rdert. Initiator und Projektleiter ist Bruder Franziskus.<br \/>\n&nbsp; &nbsp;<\/p>\n<p>Weitere Informationen: <a href=\"www.FrieslandVisionen.de\">FrieslandVisionen.de<\/a>&nbsp;<\/p>\n<p><strong>Weitere Termine und Orte:<\/strong><br \/>\n\u2022&nbsp;&nbsp; &nbsp;<strong>Donnerstag, 3. August, 19:00 Uhr.<\/strong> Rede: Daniela Behrens, Ministerin f\u00fcr Inneres und Sport des Landes Niedersachsen. Ort: Sankt Florian-Kirche, M\u00fchlenstr. 2, 26419 Schortens-Sillenstede<br \/>\n\u2022&nbsp;&nbsp; &nbsp;<strong>Donnerstag, 10. August, 19:00 Uhr.<\/strong> Landtagspr\u00e4sidentin Hanna Naber, Niedersachsen. Ort: Sankt Bonifatius, Erlenweg 30, 26452 Sande<br \/>\n\u2022&nbsp;&nbsp; <strong>&nbsp;Donnerstag, 17. August, 19:00 Uhr. <\/strong>Rede: Vizepr\u00e4sident Prof. Dr.-Ing. Holger Sa\u00df, Jade Hochschule Wilhelmshaven\/Oldenburg\/Elsfleth. Ort: Schlosskapelle Neuenburg, Schlo\u00dfgang 1, 26340 Zetel<br \/>\n\u2022&nbsp;&nbsp; &nbsp;<strong>Donnerstag, 24. August, 19:00 Uhr. <\/strong>Rede: Gesch\u00e4ftsf\u00fchrer Alexander Leonhardt, Wirtschaftsf\u00f6rderungsgesellschaft Wilhelmshaven. Ort: St. Magnus-Kirche, Hauptstra\u00dfe 76, 26452 Sande<br \/>\n\u2022&nbsp;&nbsp; &nbsp;<strong>Donnerstag, 31. August, 19:00 Uhr.<\/strong> Rede: Dr. Kathrin Wahlmann, Justizministerin des Landes Niedersachsen. Ort: Forum Alte Kirche, Osterstr. 5, 26316 Varel<br \/>\n\u2022&nbsp;&nbsp; &nbsp;<strong>Donnerstag, 7. September, 19:00 Uhr. <\/strong>Rede: Wiebke Osigus, Ministerin f\u00fcr Bundes- und Europaangelegenheiten und Regionale Entwicklung des Landes Niedersachsen. Ort: Sankt Florian-Kirche, M\u00fchlenstr. 2, 26419 Schortens-Sillenstede<br \/>\n\u2022&nbsp;&nbsp; &nbsp;<strong>Donnerstag, 14. September, 19:00 Uhr. <\/strong>Rede: Landrat Sven Ambrosy, Landkreis Friesland. Ort: Gemeindehaus, Am Kirchplatz 13, 26441 Jever<\/p>\n<p>Kirche-Oldenburg<br \/>\n<a href=\"https:\/\/www.kirche-oldenburg.de\/\/aktuell\/aus-den-kirchenkreisen\/artikel\/wie-wollen-wir-morgen-leben\" target=\"_blank\" rel=\"noopener\">\u201eWie wollen wir morgen leben?\u201c<\/a><\/p>\n","protected":false},"excerpt":{"rendered":"<p>Zum 90-j\u00e4hrigen Jubil\u00e4um des Bestehens des Landkreises Friesland l\u00e4dt das Demokratieprojekt FrieslandVisionen zu der Sommer-Veranstaltungsreihe \u201eZehn Reden f\u00fcr unser Leben an der K\u00fcste: Wie wollen wir morgen leben?\u201c in Varel ein. Dr. Andreas Philippi, Minister f\u00fcr Soziales, Arbeit, Gesundheit und Gleichstellung des Landes Niedersachsen, wird seine Zukunftsvisionen am Sonnabend, 29. Juli, im Forum Alte Kirche, Osterstr. 5, vorstellen. Die Veranstaltung beginnt um 13.30 Uhr. Dabei wird es auch um die Neuordnung und Sicherung der Krankenhausversorgung im Nordwesten und im Landkreis Friesland gehen. Der Landkreis wird durch die Erste Kreisr\u00e4tin, Silke Vogelbusch, vertreten. Die Veranstaltung wird musikalisch durch Matt Glandorf, Cloppenburg,&#8230;<\/p>\n","protected":false},"author":7,"featured_media":0,"comment_status":"false","ping_status":"open","sticky":false,"template":"","format":"standard","meta":{"footnotes":""},"categories":[43],"tags":[44],"class_list":["post-24707","post","type-post","status-publish","format-standard","hentry","category-kirche-oldenburg","tag-kirche-oldenburg"],"_links":{"self":[{"href":"https:\/\/christusnews.de\/site\/wp-json\/wp\/v2\/posts\/24707","targetHints":{"allow":["GET"]}}],"collection":[{"href":"https:\/\/christusnews.de\/site\/wp-json\/wp\/v2\/posts"}],"about":[{"href":"https:\/\/christusnews.de\/site\/wp-json\/wp\/v2\/types\/post"}],"author":[{"embeddable":true,"href":"https:\/\/christusnews.de\/site\/wp-json\/wp\/v2\/users\/7"}],"replies":[{"embeddable":true,"href":"https:\/\/christusnews.de\/site\/wp-json\/wp\/v2\/comments?post=24707"}],"version-history":[{"count":1,"href":"https:\/\/christusnews.de\/site\/wp-json\/wp\/v2\/posts\/24707\/revisions"}],"predecessor-version":[{"id":24708,"href":"https:\/\/christusnews.de\/site\/wp-json\/wp\/v2\/posts\/24707\/revisions\/24708"}],"wp:attachment":[{"href":"https:\/\/christusnews.de\/site\/wp-json\/wp\/v2\/media?parent=24707"}],"wp:term":[{"taxonomy":"category","embeddable":true,"href":"https:\/\/christusnews.de\/site\/wp-json\/wp\/v2\/categories?post=24707"},{"taxonomy":"post_tag","embeddable":true,"href":"https:\/\/christusnews.de\/site\/wp-json\/wp\/v2\/tags?post=24707"}],"curies":[{"name":"wp","href":"https:\/\/api.w.org\/{rel}","templated":true}]}}