{"id":24724,"date":"2023-07-30T10:17:00","date_gmt":"2023-07-30T08:17:00","guid":{"rendered":"https:\/\/christusnews.de\/site\/gemischte-zwischenbilanz-nach-drei-monaten-deutschlandticket\/"},"modified":"2023-07-31T11:17:19","modified_gmt":"2023-07-31T09:17:19","slug":"gemischte-zwischenbilanz-nach-drei-monaten-deutschlandticket","status":"publish","type":"post","link":"https:\/\/christusnews.de\/site\/gemischte-zwischenbilanz-nach-drei-monaten-deutschlandticket\/","title":{"rendered":"Gemischte Zwischenbilanz nach drei Monaten Deutschlandticket"},"content":{"rendered":"<p>Ein \u00abgro\u00dfer Erfolg\u00bb f\u00fcr die DB Regio, kein \u00abwirklich gro\u00dfer Erfolg\u00bb f\u00fcr den Fahrgastverband Pro Bahn: Seit einem Vierteljahr gilt das Deutschlandticket im Nahverkehr. CDU-Verkehrsexperte Barei\u00df sieht die Zukunft des Tickets offen.<\/p>\n<p>\nD\u00fcsseldorf\/Hannover (epd). Drei Monate nach Einf\u00fchrung des Deutschlandtickets haben die Bahn und Fahrgastverb\u00e4nde eine unterschiedliche Zwischenbilanz gezogen. DB-Regio-Chefin Evelyn Palla sprach von einem gro\u00dfen Erfolg: \u00abIm Juni sind 25 Prozent mehr Menschen mit unseren Z\u00fcgen gefahren als noch im April.\u00bb Dagegen bewertet der Fahrgastverband Pro Bahn das 49 Euro teure Nahverkehrsticket eher als eine \u00absch\u00f6ne Werbema\u00dfnahme f\u00fcr bisherige Stammkunden\u00bb. Die Union bef\u00fcrchtet weiter steigende Kosten im Nahverkehr.<\/p>\n<p>\nPalla sagte dem \u00abRedaktionsNetzwerk Deutschland\u00bb (Sonntag), das Deutschlandticket sei \u00abeinfach, kosteng\u00fcnstig, \u00f6kologisch sinnvoll und digital\u00bb. Die Nutzerinnen und Nutzer h\u00e4tten auch deutlich l\u00e4ngere Strecken im \u00f6ffentlichen Nahverkehr zur\u00fcckgelegt. Besonders die Ausflugsrouten Richtung Meer und Berge seien in der Ferienzeit sehr beliebt. Die Bahn-Managerin appellierte an Bund und L\u00e4nder, den Preis auch im kommenden Jahr stabil zu halten.<\/p>\n<p>\nF\u00fcr den Ehrenvorsitzenden des Fahrgastverbands Pro Bahn, Karl-Peter Naumann, ist das Ticket dagegen kein \u00abwirklich gro\u00dfer\u00bb Erfolg. Ein gro\u00dfer Teil der Neukunden habe das System ohnehin zwischendurch genutzt, etwa mit Tageskarten und Einzelfahrscheinen, sagte Naumann der D\u00fcsseldorfer \u00abRheinischen Post\u00bb (Montag): \u00abDass man wirklich Menschen in gro\u00dfen Mengen von der Stra\u00dfe in den \u00f6ffentlichen Personennahverkehr gelockt hat, ist nicht passiert.\u00bb<\/p>\n<p>\nGleichwohl sei das Deutschlandticket f\u00fcr viele Menschen eine deutliche Verbesserung, \u00abweil die Nutzung des \u00d6PNV billiger und einfacher geworden ist\u00bb. Das Hauptproblem bleibt nach Naumanns Einsch\u00e4tzung jedoch, dass viel Geld in eine Tarifsubvention gesteckt werde statt in den Ausbau.<\/p>\n<p>\nDer Verkehrsexperte der Unions-Bundestagsfraktion, Thomas Barei\u00df (CDU), warnt vor weiter steigenden Kosten. Es sei vollkommen offen, wie es mit dem Deutschlandticket weitergehe, sagte er der \u00abRheinischen Post\u00bb (Montag). \u00abSchon laufen die ersten Wetten, wann die ersten Preiserh\u00f6hungen kommen werden und das 49-Euro-Ticket Geschichte sein wird.\u00bb<\/p>\n<p>\nDas 49-Euro-Ticket kommt nach den Worten von Barei\u00df vor allem den Gro\u00dfst\u00e4dtern zugute. In l\u00e4ndlichen Regionen habe sich das Angebot an \u00f6ffentlichem Bus- und Bahnverkehr bereits verschlechtert, kritisierte er: \u00abTaktungen werden zur\u00fcckgefahren und manche Verbindungen werden komplett eingestellt.\u00bb Der CDU-Politiker forderte Verkehrsminister Volker Wissing (FDP) zu mehr Investitionen in die Infrastruktur auf.<\/p>\n<p>Kirche-Oldenburg<br \/>\n<a href=\"https:\/\/www.kirche-oldenburg.de\/\/aktuell\/news-niedersachsen\/artikel\/gemischte-zwischenbilanz-nach-drei-monaten-deutschlandticket\" target=\"_blank\" rel=\"noopener\">Gemischte Zwischenbilanz nach drei Monaten Deutschlandticket<\/a><\/p>\n","protected":false},"excerpt":{"rendered":"<p>Ein \u00abgro\u00dfer Erfolg\u00bb f\u00fcr die DB Regio, kein \u00abwirklich gro\u00dfer Erfolg\u00bb f\u00fcr den Fahrgastverband Pro Bahn: Seit einem Vierteljahr gilt das Deutschlandticket im Nahverkehr. CDU-Verkehrsexperte Barei\u00df sieht die Zukunft des Tickets offen. D\u00fcsseldorf\/Hannover (epd). Drei Monate nach Einf\u00fchrung des Deutschlandtickets haben die Bahn und Fahrgastverb\u00e4nde eine unterschiedliche Zwischenbilanz gezogen. DB-Regio-Chefin Evelyn Palla sprach von einem gro\u00dfen Erfolg: \u00abIm Juni sind 25 Prozent mehr Menschen mit unseren Z\u00fcgen gefahren als noch im April.\u00bb Dagegen bewertet der Fahrgastverband Pro Bahn das 49 Euro teure Nahverkehrsticket eher als eine \u00absch\u00f6ne Werbema\u00dfnahme f\u00fcr bisherige Stammkunden\u00bb. Die Union bef\u00fcrchtet weiter steigende Kosten im Nahverkehr. Palla&#8230;<\/p>\n","protected":false},"author":7,"featured_media":0,"comment_status":"false","ping_status":"open","sticky":false,"template":"","format":"standard","meta":{"footnotes":""},"categories":[43],"tags":[44],"class_list":["post-24724","post","type-post","status-publish","format-standard","hentry","category-kirche-oldenburg","tag-kirche-oldenburg"],"_links":{"self":[{"href":"https:\/\/christusnews.de\/site\/wp-json\/wp\/v2\/posts\/24724","targetHints":{"allow":["GET"]}}],"collection":[{"href":"https:\/\/christusnews.de\/site\/wp-json\/wp\/v2\/posts"}],"about":[{"href":"https:\/\/christusnews.de\/site\/wp-json\/wp\/v2\/types\/post"}],"author":[{"embeddable":true,"href":"https:\/\/christusnews.de\/site\/wp-json\/wp\/v2\/users\/7"}],"replies":[{"embeddable":true,"href":"https:\/\/christusnews.de\/site\/wp-json\/wp\/v2\/comments?post=24724"}],"version-history":[{"count":1,"href":"https:\/\/christusnews.de\/site\/wp-json\/wp\/v2\/posts\/24724\/revisions"}],"predecessor-version":[{"id":24725,"href":"https:\/\/christusnews.de\/site\/wp-json\/wp\/v2\/posts\/24724\/revisions\/24725"}],"wp:attachment":[{"href":"https:\/\/christusnews.de\/site\/wp-json\/wp\/v2\/media?parent=24724"}],"wp:term":[{"taxonomy":"category","embeddable":true,"href":"https:\/\/christusnews.de\/site\/wp-json\/wp\/v2\/categories?post=24724"},{"taxonomy":"post_tag","embeddable":true,"href":"https:\/\/christusnews.de\/site\/wp-json\/wp\/v2\/tags?post=24724"}],"curies":[{"name":"wp","href":"https:\/\/api.w.org\/{rel}","templated":true}]}}