{"id":24726,"date":"2023-07-30T10:13:00","date_gmt":"2023-07-30T08:13:00","guid":{"rendered":"https:\/\/christusnews.de\/site\/latif-rede-von-brandstiftung-taeuscht-ueber-problem-klimawandel-hinweg\/"},"modified":"2023-07-31T11:17:19","modified_gmt":"2023-07-31T09:17:19","slug":"latif-rede-von-brandstiftung-taeuscht-ueber-problem-klimawandel-hinweg","status":"publish","type":"post","link":"https:\/\/christusnews.de\/site\/latif-rede-von-brandstiftung-taeuscht-ueber-problem-klimawandel-hinweg\/","title":{"rendered":"Latif: Rede von Brandstiftung t\u00e4uscht \u00fcber Problem Klimawandel hinweg"},"content":{"rendered":"<p>Osnabr\u00fcck (epd). Der Klimaforscher Mojib Latif h\u00e4lt nichts davon, im Zuge der Waldbr\u00e4nde auf Rhodos \u00fcber Brandstiftung zu diskutieren. \u00abDie nat\u00fcrlichen Bedingungen \u00e4ndern sich im Zuge des Klimawandels einfach und machen Fl\u00e4chenbr\u00e4nde wie auf Rhodos immer wahrscheinlicher\u00bb, sagte der Pr\u00e4sident der Akademie der Wissenschaften in Hamburg der \u00abNeuen Osnabr\u00fccker Zeitung\u00bb (Samstag). \u00abDann redet man aber von Brandstiftung und hat wieder eine Entschuldigung, um nicht \u00fcber den Klimawandel reden zu m\u00fcssen.\u00bb<\/p>\n<p>\nLaut Latif ist der Klimawandel die wahre Brandgefahr. Wegen der dadurch verursachte Hitze und Trockenheit sei es m\u00f6glich, dass selbst kleine Feuergefahren gro\u00dfe Br\u00e4nde verursachen: \u00abSelbst, wenn es Brandstiftung war: Eine unachtsam weggeworfene Zigarette ist bei so einer Trockenheit genauso gef\u00e4hrlich.\u00bb Allein durch Anpassung an den Klimawandel lasse sich das Problem nicht mehr regeln.<\/p>\n<p>\nWegen der verheerenden Waldbr\u00e4nde auf der griechischen Insel Rhodos mussten in den vergangenen Tagen Tausende Menschen evakuiert werden. Die Beh\u00f6rden gehen von vors\u00e4tzlicher Brandstiftung aus. Antonis Karoumbakis, B\u00fcrgermeister der Insel, hatte eine Klage gegen unbekannt wegen absichtlicher Brandstiftung in den W\u00e4ldern angek\u00fcndigt.<\/p>\n<p>Kirche-Oldenburg<br \/>\n<a href=\"https:\/\/www.kirche-oldenburg.de\/\/aktuell\/news-niedersachsen\/artikel\/latif-rede-von-brandstiftung-taeuscht-ueber-problem-klimawandel-hinweg\" target=\"_blank\" rel=\"noopener\">Latif: Rede von Brandstiftung t\u00e4uscht \u00fcber Problem Klimawandel hinweg<\/a><\/p>\n","protected":false},"excerpt":{"rendered":"<p>Osnabr\u00fcck (epd). Der Klimaforscher Mojib Latif h\u00e4lt nichts davon, im Zuge der Waldbr\u00e4nde auf Rhodos \u00fcber Brandstiftung zu diskutieren. \u00abDie nat\u00fcrlichen Bedingungen \u00e4ndern sich im Zuge des Klimawandels einfach und machen Fl\u00e4chenbr\u00e4nde wie auf Rhodos immer wahrscheinlicher\u00bb, sagte der Pr\u00e4sident der Akademie der Wissenschaften in Hamburg der \u00abNeuen Osnabr\u00fccker Zeitung\u00bb (Samstag). \u00abDann redet man aber von Brandstiftung und hat wieder eine Entschuldigung, um nicht \u00fcber den Klimawandel reden zu m\u00fcssen.\u00bb Laut Latif ist der Klimawandel die wahre Brandgefahr. Wegen der dadurch verursachte Hitze und Trockenheit sei es m\u00f6glich, dass selbst kleine Feuergefahren gro\u00dfe Br\u00e4nde verursachen: \u00abSelbst, wenn es Brandstiftung war:&#8230;<\/p>\n","protected":false},"author":7,"featured_media":0,"comment_status":"false","ping_status":"open","sticky":false,"template":"","format":"standard","meta":{"footnotes":""},"categories":[43],"tags":[44],"class_list":["post-24726","post","type-post","status-publish","format-standard","hentry","category-kirche-oldenburg","tag-kirche-oldenburg"],"_links":{"self":[{"href":"https:\/\/christusnews.de\/site\/wp-json\/wp\/v2\/posts\/24726","targetHints":{"allow":["GET"]}}],"collection":[{"href":"https:\/\/christusnews.de\/site\/wp-json\/wp\/v2\/posts"}],"about":[{"href":"https:\/\/christusnews.de\/site\/wp-json\/wp\/v2\/types\/post"}],"author":[{"embeddable":true,"href":"https:\/\/christusnews.de\/site\/wp-json\/wp\/v2\/users\/7"}],"replies":[{"embeddable":true,"href":"https:\/\/christusnews.de\/site\/wp-json\/wp\/v2\/comments?post=24726"}],"version-history":[{"count":1,"href":"https:\/\/christusnews.de\/site\/wp-json\/wp\/v2\/posts\/24726\/revisions"}],"predecessor-version":[{"id":24727,"href":"https:\/\/christusnews.de\/site\/wp-json\/wp\/v2\/posts\/24726\/revisions\/24727"}],"wp:attachment":[{"href":"https:\/\/christusnews.de\/site\/wp-json\/wp\/v2\/media?parent=24726"}],"wp:term":[{"taxonomy":"category","embeddable":true,"href":"https:\/\/christusnews.de\/site\/wp-json\/wp\/v2\/categories?post=24726"},{"taxonomy":"post_tag","embeddable":true,"href":"https:\/\/christusnews.de\/site\/wp-json\/wp\/v2\/tags?post=24726"}],"curies":[{"name":"wp","href":"https:\/\/api.w.org\/{rel}","templated":true}]}}