{"id":24728,"date":"2023-07-29T10:09:00","date_gmt":"2023-07-29T08:09:00","guid":{"rendered":"https:\/\/christusnews.de\/site\/tafel-vorsitzender-jahnz-wirbt-fuer-lobby-der-armen\/"},"modified":"2023-07-31T11:17:20","modified_gmt":"2023-07-31T09:17:20","slug":"tafel-vorsitzender-jahnz-wirbt-fuer-lobby-der-armen","status":"publish","type":"post","link":"https:\/\/christusnews.de\/site\/tafel-vorsitzender-jahnz-wirbt-fuer-lobby-der-armen\/","title":{"rendered":"Tafel-Vorsitzender Jahnz wirbt f\u00fcr \u00abLobby der Armen\u00bb"},"content":{"rendered":"<p>Bremen\/Delmenhorst (epd). Der Vorsitzende der Tafel in Delmenhorst, Axel Jahnz, wirbt f\u00fcr eine \u00abLobby der Armen\u00bb. Der Staat m\u00fcsse f\u00fcr einen sozialen Ausgleich sorgen, schreibt er in einem Gastbeitrag im Bremer Weserkurier (Sonnabend). \u00abEs ist eine Schande f\u00fcr unsere reiche Republik, mit anzusehen, wie ein Sozialstaat versagt und es den karitativen Institutionen \u00fcberwiegend \u00fcberl\u00e4sst, f\u00fcr Abhilfe zu sorgen.\u00bb<\/p>\n<p>\nT\u00e4glich str\u00f6mten Menschen zu den Ausgabestellen der Tafeln, um sich mit Lebensmitteln zu versorgen. Einige Tafeln h\u00e4tten Aufnahmestopps verh\u00e4ngen m\u00fcssen. Dabei gehe es um Grundbed\u00fcrfnisse, mahnt Jahnz, der von 2014 bis 2021 f\u00fcr die SPD B\u00fcrgermeister in Delmenhorst war. \u00abDer Personenkreis ist vielf\u00e4ltig. Sie kommen aus der Kinder- und Altersarmut, sind Fl\u00fcchtlinge und nicht wenige sind Besch\u00e4ftigte aus der Arbeitswelt.\u00bb<\/p>\n<p>\nW\u00e4hrend Milliardengelder in \u00f6ffentliche Haushalte fl\u00f6ssen, steige der Kundenstamm der Tafeln, schreibt Jahnz weiter. \u00abHier wird deutlich, dass unser Sozialsystem ins Wanken geraten ist und immer mehr Menschen auf der Strecke bleiben.\u00bb<\/p>\n<p>Kirche-Oldenburg<br \/>\n<a href=\"https:\/\/www.kirche-oldenburg.de\/\/aktuell\/news-niedersachsen\/artikel\/tafel-vorsitzender-jahnz-wirbt-fuer-lobby-der-armen\" target=\"_blank\" rel=\"noopener\">Tafel-Vorsitzender Jahnz wirbt f\u00fcr \u00abLobby der Armen\u00bb<\/a><\/p>\n","protected":false},"excerpt":{"rendered":"<p>Bremen\/Delmenhorst (epd). Der Vorsitzende der Tafel in Delmenhorst, Axel Jahnz, wirbt f\u00fcr eine \u00abLobby der Armen\u00bb. Der Staat m\u00fcsse f\u00fcr einen sozialen Ausgleich sorgen, schreibt er in einem Gastbeitrag im Bremer Weserkurier (Sonnabend). \u00abEs ist eine Schande f\u00fcr unsere reiche Republik, mit anzusehen, wie ein Sozialstaat versagt und es den karitativen Institutionen \u00fcberwiegend \u00fcberl\u00e4sst, f\u00fcr Abhilfe zu sorgen.\u00bb T\u00e4glich str\u00f6mten Menschen zu den Ausgabestellen der Tafeln, um sich mit Lebensmitteln zu versorgen. Einige Tafeln h\u00e4tten Aufnahmestopps verh\u00e4ngen m\u00fcssen. Dabei gehe es um Grundbed\u00fcrfnisse, mahnt Jahnz, der von 2014 bis 2021 f\u00fcr die SPD B\u00fcrgermeister in Delmenhorst war. \u00abDer Personenkreis ist&#8230;<\/p>\n","protected":false},"author":7,"featured_media":0,"comment_status":"false","ping_status":"open","sticky":false,"template":"","format":"standard","meta":{"footnotes":""},"categories":[43],"tags":[44],"class_list":["post-24728","post","type-post","status-publish","format-standard","hentry","category-kirche-oldenburg","tag-kirche-oldenburg"],"_links":{"self":[{"href":"https:\/\/christusnews.de\/site\/wp-json\/wp\/v2\/posts\/24728","targetHints":{"allow":["GET"]}}],"collection":[{"href":"https:\/\/christusnews.de\/site\/wp-json\/wp\/v2\/posts"}],"about":[{"href":"https:\/\/christusnews.de\/site\/wp-json\/wp\/v2\/types\/post"}],"author":[{"embeddable":true,"href":"https:\/\/christusnews.de\/site\/wp-json\/wp\/v2\/users\/7"}],"replies":[{"embeddable":true,"href":"https:\/\/christusnews.de\/site\/wp-json\/wp\/v2\/comments?post=24728"}],"version-history":[{"count":1,"href":"https:\/\/christusnews.de\/site\/wp-json\/wp\/v2\/posts\/24728\/revisions"}],"predecessor-version":[{"id":24729,"href":"https:\/\/christusnews.de\/site\/wp-json\/wp\/v2\/posts\/24728\/revisions\/24729"}],"wp:attachment":[{"href":"https:\/\/christusnews.de\/site\/wp-json\/wp\/v2\/media?parent=24728"}],"wp:term":[{"taxonomy":"category","embeddable":true,"href":"https:\/\/christusnews.de\/site\/wp-json\/wp\/v2\/categories?post=24728"},{"taxonomy":"post_tag","embeddable":true,"href":"https:\/\/christusnews.de\/site\/wp-json\/wp\/v2\/tags?post=24728"}],"curies":[{"name":"wp","href":"https:\/\/api.w.org\/{rel}","templated":true}]}}