{"id":24730,"date":"2023-07-29T10:04:00","date_gmt":"2023-07-29T08:04:00","guid":{"rendered":"https:\/\/christusnews.de\/site\/jugendaerztepraesident-ruft-zum-schutz-vor-tiktok-und-instagram-auf\/"},"modified":"2023-07-31T11:17:20","modified_gmt":"2023-07-31T09:17:20","slug":"jugendaerztepraesident-ruft-zum-schutz-vor-tiktok-und-instagram-auf","status":"publish","type":"post","link":"https:\/\/christusnews.de\/site\/jugendaerztepraesident-ruft-zum-schutz-vor-tiktok-und-instagram-auf\/","title":{"rendered":"Jugend\u00e4rztepr\u00e4sident ruft zum Schutz vor TikTok und Instagram auf"},"content":{"rendered":"<p>Osnabr\u00fcck (epd). Angesichts immer mehr psychischer Erkrankungen hat Kinder\u00e4rztepr\u00e4sident Thomas Fischbach Eltern dazu aufgerufen, ihre Kinder vor sozialen Netzwerken wie TikTok zu sch\u00fctzen. \u00abEltern m\u00fcssen dem Medien- und Internetkonsum klare Grenzen setzen!\u00bb, sagte der Pr\u00e4sident des Berufsverbandes der Kinder- und Jugend\u00e4rzte der \u00abNeuen Osnabr\u00fccker Zeitung\u00bb (Samstag). Auf TikTok, Instagram oder YouTube werde teilweise ein Schlankheitswahn zelebriert. \u00abDa tummeln sich sogenannte Influencer, die zahllose ungefestigte junge Menschen negativ beeinflussen.\u00bb<\/p>\n<p>\nAnlass der \u00c4u\u00dferungen sind Zahlen des Statistischen Bundesamtes, wonach zehn Prozent aller Minderj\u00e4hrigen unter psychischen Problemen leiden und der Anteil in den vergangenen Jahren deutlich zugenommen hat. Fischbach sieht in der extensiven Mediennutzung eine der Ursachen. \u00abWenn ich beobachte, dass schon Kleinkinder Tablets in die Hand bekommen und ohne ihre Spiele und Comic-Serien nicht essen wollen, stehen mir die Haare zu Berge\u00bb, sagte er.<\/p>\n<p>\n\u00abEin Smartphone schon f\u00fcr Neunj\u00e4hrige ist definitiv zu fr\u00fch! Vor einem Alter von zw\u00f6lf Jahren sollten Kinder kein internetf\u00e4higes Handy haben\u00bb, mahnte der \u00c4rztepr\u00e4sident. Auch die Politik nahm Fischbach in die Pflicht. So habe die Isolation in der Corona-Pandemie die jungen Menschen auf sich selbst zur\u00fcckgeworfen und die psychischen Belastungen verschlimmert. Nun werde ihnen aber nicht ausreichend geholfen. Einer der Auftr\u00e4ge der interministeriellen Arbeitsgruppe zum Umgang mit den Corona-Folgen sei es, Brennpunktschulen mit mehr \u00abMental Health Coaches\u00bb auszustatten, um die seelische Gesundheit der Sch\u00fcler zu st\u00e4rken. \u00abAber daf\u00fcr gibt es nicht genug Mittel, jedenfalls nur ein Viertel dessen, was die Niederl\u00e4nder daf\u00fcr aufbringen.\u00bb<\/p>\n<p>Kirche-Oldenburg<br \/>\n<a href=\"https:\/\/www.kirche-oldenburg.de\/\/aktuell\/news-niedersachsen\/artikel\/jugendaerztepraesident-ruft-zum-schutz-vor-tiktok-und-instagram-auf\" target=\"_blank\" rel=\"noopener\">Jugend\u00e4rztepr\u00e4sident ruft zum Schutz vor TikTok und Instagram auf<\/a><\/p>\n","protected":false},"excerpt":{"rendered":"<p>Osnabr\u00fcck (epd). Angesichts immer mehr psychischer Erkrankungen hat Kinder\u00e4rztepr\u00e4sident Thomas Fischbach Eltern dazu aufgerufen, ihre Kinder vor sozialen Netzwerken wie TikTok zu sch\u00fctzen. \u00abEltern m\u00fcssen dem Medien- und Internetkonsum klare Grenzen setzen!\u00bb, sagte der Pr\u00e4sident des Berufsverbandes der Kinder- und Jugend\u00e4rzte der \u00abNeuen Osnabr\u00fccker Zeitung\u00bb (Samstag). Auf TikTok, Instagram oder YouTube werde teilweise ein Schlankheitswahn zelebriert. \u00abDa tummeln sich sogenannte Influencer, die zahllose ungefestigte junge Menschen negativ beeinflussen.\u00bb Anlass der \u00c4u\u00dferungen sind Zahlen des Statistischen Bundesamtes, wonach zehn Prozent aller Minderj\u00e4hrigen unter psychischen Problemen leiden und der Anteil in den vergangenen Jahren deutlich zugenommen hat. Fischbach sieht in der extensiven&#8230;<\/p>\n","protected":false},"author":7,"featured_media":0,"comment_status":"false","ping_status":"open","sticky":false,"template":"","format":"standard","meta":{"footnotes":""},"categories":[43],"tags":[44],"class_list":["post-24730","post","type-post","status-publish","format-standard","hentry","category-kirche-oldenburg","tag-kirche-oldenburg"],"_links":{"self":[{"href":"https:\/\/christusnews.de\/site\/wp-json\/wp\/v2\/posts\/24730","targetHints":{"allow":["GET"]}}],"collection":[{"href":"https:\/\/christusnews.de\/site\/wp-json\/wp\/v2\/posts"}],"about":[{"href":"https:\/\/christusnews.de\/site\/wp-json\/wp\/v2\/types\/post"}],"author":[{"embeddable":true,"href":"https:\/\/christusnews.de\/site\/wp-json\/wp\/v2\/users\/7"}],"replies":[{"embeddable":true,"href":"https:\/\/christusnews.de\/site\/wp-json\/wp\/v2\/comments?post=24730"}],"version-history":[{"count":1,"href":"https:\/\/christusnews.de\/site\/wp-json\/wp\/v2\/posts\/24730\/revisions"}],"predecessor-version":[{"id":24731,"href":"https:\/\/christusnews.de\/site\/wp-json\/wp\/v2\/posts\/24730\/revisions\/24731"}],"wp:attachment":[{"href":"https:\/\/christusnews.de\/site\/wp-json\/wp\/v2\/media?parent=24730"}],"wp:term":[{"taxonomy":"category","embeddable":true,"href":"https:\/\/christusnews.de\/site\/wp-json\/wp\/v2\/categories?post=24730"},{"taxonomy":"post_tag","embeddable":true,"href":"https:\/\/christusnews.de\/site\/wp-json\/wp\/v2\/tags?post=24730"}],"curies":[{"name":"wp","href":"https:\/\/api.w.org\/{rel}","templated":true}]}}