{"id":24762,"date":"2023-08-02T08:25:00","date_gmt":"2023-08-02T06:25:00","guid":{"rendered":"https:\/\/christusnews.de\/site\/meeresforscherin-boetius-startet-zu-messungen-in-richtung-nordpol\/"},"modified":"2023-08-04T11:19:40","modified_gmt":"2023-08-04T09:19:40","slug":"meeresforscherin-boetius-startet-zu-messungen-in-richtung-nordpol","status":"publish","type":"post","link":"https:\/\/christusnews.de\/site\/meeresforscherin-boetius-startet-zu-messungen-in-richtung-nordpol\/","title":{"rendered":"Meeresforscherin Boetius startet zu Messungen in Richtung Nordpol"},"content":{"rendered":"<p>Bremerhaven (epd). Die Meeresforscherin Antje Boetius startet am Donnerstag mit dem Forschungs-Eisbrecher \u00abPolarstern\u00bb vom norwegischen Troms\u00f8 aus in Richtung Nordpol, um Erkenntnisse \u00fcber Ver\u00e4nderungen des Meereises und des Lebens im Polarmeer zu sammeln. \u00abIch bin sehr gespannt darauf zu sehen, wie sich das Meereis und das Leben im Ozean in der letzten Dekade ver\u00e4ndert haben\u00bb, sagte die Direktorin des in Bremerhaven ans\u00e4ssigen Alfred-Wegener-Instituts f\u00fcr Polar- und Meeresforschung (AWI) am Mittwoch vor dem Start der zweimonatigen Expedition. 2012 habe sie die bisher geringste sommerliche Eisausdehnung im Polarmeer dokumentiert und dabei erhebliche Auswirkungen auf das gesamte \u00d6kossystem festgestellt, erl\u00e4uterte die in Bremen lehrende Meeresbiologie-Professorin.<\/p>\n<p>\nDerzeit sei noch nicht klar, ob die Ausdehnung des Meereises, das im September sein Minimum erreichen wird, den Tiefststand von 2012 unterschreite. Nach Angaben des AWI erstreckt sich das Eis zurzeit mit knapp 7,5 Millionen Quadratkilometern \u00fcber eine \u00e4hnlich gro\u00dfe Fl\u00e4che wie in den beiden vergangenen Jahren. Damit gebe es noch etwa eine Million Quadratkilometer mehr Eis als im Jahr 2012. Allerdings sei die Schmelze in vollem Gang.<\/p>\n<p>\nDas rund 50-k\u00f6pfige Expeditionsteam will den Angaben zufolge die Dicke und Lichtdurchl\u00e4ssigkeit des Eises messen und dessen Beschaffenheit analysieren. Ziel sei es zudem, den Weg des Lebens direkt unter dem Eis bis in die Tiefsee zu verfolgen. F\u00fcr die Arbeiten sind Boetius zufolge mehrere sogenannte Eisstationen geplant, von denen aus die Forschenden mittels Kameras und Probenentnahmen in bis \u00fcber 4000 Meter Tiefe vordringen wollen. \u00abSo erkennen wir Zusammenh\u00e4nge in allen Stockwerken des Ozeans vom Meereis bis zum Meeresboden\u00bb, erkl\u00e4rte die Meeresforscherin. Um eine Vergleichbarkeit mit den Daten von 2012 zu gew\u00e4hrleisten, seien an der aktuellen Mission Forscherinnen und Forscher derselben Disziplinen beteiligt wie damals.<\/p>\n<p>Kirche-Oldenburg<br \/>\n<a href=\"https:\/\/www.kirche-oldenburg.de\/\/aktuell\/news-niedersachsen\/artikel\/meeresforscherin-boetius-startet-zu-messungen-in-richtung-nordpol\" target=\"_blank\" rel=\"noopener\">Meeresforscherin Boetius startet zu Messungen in Richtung Nordpol<\/a><\/p>\n","protected":false},"excerpt":{"rendered":"<p>Bremerhaven (epd). Die Meeresforscherin Antje Boetius startet am Donnerstag mit dem Forschungs-Eisbrecher \u00abPolarstern\u00bb vom norwegischen Troms\u00f8 aus in Richtung Nordpol, um Erkenntnisse \u00fcber Ver\u00e4nderungen des Meereises und des Lebens im Polarmeer zu sammeln. \u00abIch bin sehr gespannt darauf zu sehen, wie sich das Meereis und das Leben im Ozean in der letzten Dekade ver\u00e4ndert haben\u00bb, sagte die Direktorin des in Bremerhaven ans\u00e4ssigen Alfred-Wegener-Instituts f\u00fcr Polar- und Meeresforschung (AWI) am Mittwoch vor dem Start der zweimonatigen Expedition. 2012 habe sie die bisher geringste sommerliche Eisausdehnung im Polarmeer dokumentiert und dabei erhebliche Auswirkungen auf das gesamte \u00d6kossystem festgestellt, erl\u00e4uterte die in Bremen&#8230;<\/p>\n","protected":false},"author":7,"featured_media":0,"comment_status":"false","ping_status":"open","sticky":false,"template":"","format":"standard","meta":{"footnotes":""},"categories":[43],"tags":[44],"class_list":["post-24762","post","type-post","status-publish","format-standard","hentry","category-kirche-oldenburg","tag-kirche-oldenburg"],"_links":{"self":[{"href":"https:\/\/christusnews.de\/site\/wp-json\/wp\/v2\/posts\/24762","targetHints":{"allow":["GET"]}}],"collection":[{"href":"https:\/\/christusnews.de\/site\/wp-json\/wp\/v2\/posts"}],"about":[{"href":"https:\/\/christusnews.de\/site\/wp-json\/wp\/v2\/types\/post"}],"author":[{"embeddable":true,"href":"https:\/\/christusnews.de\/site\/wp-json\/wp\/v2\/users\/7"}],"replies":[{"embeddable":true,"href":"https:\/\/christusnews.de\/site\/wp-json\/wp\/v2\/comments?post=24762"}],"version-history":[{"count":1,"href":"https:\/\/christusnews.de\/site\/wp-json\/wp\/v2\/posts\/24762\/revisions"}],"predecessor-version":[{"id":24763,"href":"https:\/\/christusnews.de\/site\/wp-json\/wp\/v2\/posts\/24762\/revisions\/24763"}],"wp:attachment":[{"href":"https:\/\/christusnews.de\/site\/wp-json\/wp\/v2\/media?parent=24762"}],"wp:term":[{"taxonomy":"category","embeddable":true,"href":"https:\/\/christusnews.de\/site\/wp-json\/wp\/v2\/categories?post=24762"},{"taxonomy":"post_tag","embeddable":true,"href":"https:\/\/christusnews.de\/site\/wp-json\/wp\/v2\/tags?post=24762"}],"curies":[{"name":"wp","href":"https:\/\/api.w.org\/{rel}","templated":true}]}}