{"id":24764,"date":"2023-08-02T08:23:00","date_gmt":"2023-08-02T06:23:00","guid":{"rendered":"https:\/\/christusnews.de\/site\/sozialer-wohnungsbau-spd-im-bundestag-fordert-mehr-anstrengungen\/"},"modified":"2023-08-04T11:19:40","modified_gmt":"2023-08-04T09:19:40","slug":"sozialer-wohnungsbau-spd-im-bundestag-fordert-mehr-anstrengungen","status":"publish","type":"post","link":"https:\/\/christusnews.de\/site\/sozialer-wohnungsbau-spd-im-bundestag-fordert-mehr-anstrengungen\/","title":{"rendered":"Sozialer Wohnungsbau: SPD im Bundestag fordert mehr Anstrengungen"},"content":{"rendered":"<p>Braunschweig\/Berlin (epd). Die SPD-Bundestagsfraktion mahnt mehr Einsatz beim Bau von Sozialwohnungen an. Trotz der schwierigen Rahmenbedingungen m\u00fcsse mehr bezahlbarer Wohnraum neu entstehen, sagte der wohnungspolitische Sprecher der SPD-Fraktion, Bernhard Daldrup, den Zeitungen der Funke Mediengruppe (Mittwoch). Dringend n\u00f6tig seien mehr Eigentumsma\u00dfnahmen, Wohnheimpl\u00e4tze und Sozialwohnungen mit dauerhafter Bindung. Auf der Tagesordnung st\u00fcnden auch die neue Wohngemeinn\u00fctzigkeit sowie die Ausweitung von Genossenschaftsprogrammen.<\/p>\n<p>\nMit Blick auf den angespannten Haushalt \u00abm\u00fcssen wir absch\u00e4tzen, wie gro\u00df der Handlungsspielraum f\u00fcr weitere Ma\u00dfnahmen ist\u00bb, sagte Daldrup weiter. Es reiche jedoch nicht aus, nur finanziell zu f\u00f6rdern. \u00abAngefangen von der Mobilisierung bezahlbaren Baulands bis zum deutlichen Abbau des Bau\u00fcberhangs brauchen wir ein B\u00fcndel zeitnah wirksamer Ma\u00dfnahmen\u00bb, erkl\u00e4rte er.<\/p>\n<p>Kirche-Oldenburg<br \/>\n<a href=\"https:\/\/www.kirche-oldenburg.de\/\/aktuell\/news-niedersachsen\/artikel\/sozialer-wohnungsbau-spd-im-bundestag-fordert-mehr-anstrengungen\" target=\"_blank\" rel=\"noopener\">Sozialer Wohnungsbau: SPD im Bundestag fordert mehr Anstrengungen<\/a><\/p>\n","protected":false},"excerpt":{"rendered":"<p>Braunschweig\/Berlin (epd). Die SPD-Bundestagsfraktion mahnt mehr Einsatz beim Bau von Sozialwohnungen an. Trotz der schwierigen Rahmenbedingungen m\u00fcsse mehr bezahlbarer Wohnraum neu entstehen, sagte der wohnungspolitische Sprecher der SPD-Fraktion, Bernhard Daldrup, den Zeitungen der Funke Mediengruppe (Mittwoch). Dringend n\u00f6tig seien mehr Eigentumsma\u00dfnahmen, Wohnheimpl\u00e4tze und Sozialwohnungen mit dauerhafter Bindung. Auf der Tagesordnung st\u00fcnden auch die neue Wohngemeinn\u00fctzigkeit sowie die Ausweitung von Genossenschaftsprogrammen. Mit Blick auf den angespannten Haushalt \u00abm\u00fcssen wir absch\u00e4tzen, wie gro\u00df der Handlungsspielraum f\u00fcr weitere Ma\u00dfnahmen ist\u00bb, sagte Daldrup weiter. Es reiche jedoch nicht aus, nur finanziell zu f\u00f6rdern. \u00abAngefangen von der Mobilisierung bezahlbaren Baulands bis zum deutlichen Abbau des&#8230;<\/p>\n","protected":false},"author":7,"featured_media":0,"comment_status":"false","ping_status":"open","sticky":false,"template":"","format":"standard","meta":{"footnotes":""},"categories":[43],"tags":[44],"class_list":["post-24764","post","type-post","status-publish","format-standard","hentry","category-kirche-oldenburg","tag-kirche-oldenburg"],"_links":{"self":[{"href":"https:\/\/christusnews.de\/site\/wp-json\/wp\/v2\/posts\/24764","targetHints":{"allow":["GET"]}}],"collection":[{"href":"https:\/\/christusnews.de\/site\/wp-json\/wp\/v2\/posts"}],"about":[{"href":"https:\/\/christusnews.de\/site\/wp-json\/wp\/v2\/types\/post"}],"author":[{"embeddable":true,"href":"https:\/\/christusnews.de\/site\/wp-json\/wp\/v2\/users\/7"}],"replies":[{"embeddable":true,"href":"https:\/\/christusnews.de\/site\/wp-json\/wp\/v2\/comments?post=24764"}],"version-history":[{"count":1,"href":"https:\/\/christusnews.de\/site\/wp-json\/wp\/v2\/posts\/24764\/revisions"}],"predecessor-version":[{"id":24765,"href":"https:\/\/christusnews.de\/site\/wp-json\/wp\/v2\/posts\/24764\/revisions\/24765"}],"wp:attachment":[{"href":"https:\/\/christusnews.de\/site\/wp-json\/wp\/v2\/media?parent=24764"}],"wp:term":[{"taxonomy":"category","embeddable":true,"href":"https:\/\/christusnews.de\/site\/wp-json\/wp\/v2\/categories?post=24764"},{"taxonomy":"post_tag","embeddable":true,"href":"https:\/\/christusnews.de\/site\/wp-json\/wp\/v2\/tags?post=24764"}],"curies":[{"name":"wp","href":"https:\/\/api.w.org\/{rel}","templated":true}]}}