{"id":24766,"date":"2023-08-05T19:03:49","date_gmt":"2023-08-05T17:03:49","guid":{"rendered":"https:\/\/christusnews.de\/site\/ihr-muesst-euch-entscheiden-wollt-ihr-etwas-ueber-miriam-die-anfuehrerin-oder-ueber-dorothee-die-rebellin-hoeren-claus-morgen-sind-morgen-dran-in-der-gottesdienst-reihe-typisch-menschq\/"},"modified":"2023-08-05T23:17:28","modified_gmt":"2023-08-05T21:17:28","slug":"ihr-muesst-euch-entscheiden-wollt-ihr-etwas-ueber-miriam-die-anfuehrerin-oder-ueber-dorothee-die-rebellin-hoeren-claus-morgen-sind-morgen-dran-in-der-gottesdienst-reihe-typisch-menschq","status":"publish","type":"post","link":"https:\/\/christusnews.de\/site\/ihr-muesst-euch-entscheiden-wollt-ihr-etwas-ueber-miriam-die-anfuehrerin-oder-ueber-dorothee-die-rebellin-hoeren-claus-morgen-sind-morgen-dran-in-der-gottesdienst-reihe-typisch-menschq\/","title":{"rendered":"Ihr m\u00fcsst euch entscheiden: \nWollt ihr etwas \u00fcber Miriam, die Anf\u00fchrerin oder \u00fcber Dorothee, die Rebellin h\u00f6ren? \nClaus + Morgen* sind morgen dran in der Gottesdienst Reihe &quot;Typisch Mensch&quot;. \nLeider predigen Sie nicht zusammen, wie so oft beim GoSpecial. \n(o.k wir geben zu, das Bild ist schon etwas \u00e4lter)\n\nDiesmal predigen sie getrennt und das in allen drei Kirchen der zuk\u00fcnftigen Havenkirchengemeinde. \n\n10.00 Uhr &quot;Die Anf\u00fchrerin&quot; mit Rainer Claus in der Heppenser Kirche \n10.00 Uhr &quot;Die Rebellin&quot; mit Frank Morgenstern in der Lutherkirche \n12.00 Uhr &quot;Die Anf\u00fchrerin&quot; mit Rainer Claus in der Christus-und Garnisonkirche \n\n#havenkirche #gottesdienstreihe #rebellin #dorothees\u00f6lle #miriam"},"content":{"rendered":"<p>Ihr m\u00fcsst euch entscheiden:<br \/>\nWollt ihr etwas \u00fcber Miriam, die Anf\u00fchrerin oder \u00fcber Dorothee, die Rebellin h\u00f6ren?<br \/>\nClaus + Morgen* sind morgen dran in der Gottesdienst Reihe &#8220;Typisch Mensch&#8221;.<br \/>\nLeider predigen Sie nicht zusammen, wie so oft beim GoSpecial.<br \/>\n(o.k wir geben zu, das Bild ist schon etwas \u00e4lter)<\/p>\n<p>Diesmal predigen sie getrennt und das in allen drei Kirchen der zuk\u00fcnftigen Havenkirchengemeinde. <\/p>\n<p>10.00 Uhr &#8220;Die Anf\u00fchrerin&#8221; mit Rainer Claus in der Heppenser Kirche<br \/>\n10.00 Uhr &#8220;Die Rebellin&#8221; mit Frank Morgenstern in der Lutherkirche<br \/>\n12.00 Uhr &#8220;Die Anf\u00fchrerin&#8221; mit Rainer Claus in der Christus-und Garnisonkirche <\/p>\n<p>#havenkirche #gottesdienstreihe #rebellin #dorothees\u00f6lle #miriam<br \/>\nHAVENKIRCHE@FB<br \/>\n<a href=\"https:\/\/www.facebook.com\/396185572708352\/posts\/597660515894189\" target=\"_blank\" rel=\"noopener\">Ihr m\u00fcsst euch entscheiden:<br \/>\nWollt ihr etwas \u00fcber Miriam, die Anf\u00fchrerin oder \u00fcber Dorothee, die Rebellin h\u00f6ren?<br \/>\nClaus + Morgen* sind morgen dran in der Gottesdienst Reihe &quot;Typisch Mensch&quot;.<br \/>\nLeider predigen Sie nicht zusammen, wie so oft beim GoSpecial.<br \/>\n(o.k wir geben zu, das Bild ist schon etwas \u00e4lter)<\/p>\n<p>Diesmal predigen sie getrennt und das in allen drei Kirchen der zuk\u00fcnftigen Havenkirchengemeinde. <\/p>\n<p>10.00 Uhr &quot;Die Anf\u00fchrerin&quot; mit Rainer Claus in der Heppenser Kirche<br \/>\n10.00 Uhr &quot;Die Rebellin&quot; mit Frank Morgenstern in der Lutherkirche<br \/>\n12.00 Uhr &quot;Die Anf\u00fchrerin&quot; mit Rainer Claus in der Christus-und Garnisonkirche <\/p>\n<p>#havenkirche #gottesdienstreihe #rebellin #dorothees\u00f6lle #miriam<\/a><\/p>\n","protected":false},"excerpt":{"rendered":"<p>Ihr m\u00fcsst euch entscheiden: Wollt ihr etwas \u00fcber Miriam, die Anf\u00fchrerin oder \u00fcber Dorothee, die Rebellin h\u00f6ren? Claus + Morgen* sind morgen dran in der Gottesdienst Reihe &#8220;Typisch Mensch&#8221;. Leider predigen Sie nicht zusammen, wie so oft beim GoSpecial. (o.k wir geben zu, das Bild ist schon etwas \u00e4lter) Diesmal predigen sie getrennt und das in allen drei Kirchen der zuk\u00fcnftigen Havenkirchengemeinde. 10.00 Uhr &#8220;Die Anf\u00fchrerin&#8221; mit Rainer Claus in der Heppenser Kirche 10.00 Uhr &#8220;Die Rebellin&#8221; mit Frank Morgenstern in der Lutherkirche 12.00 Uhr &#8220;Die Anf\u00fchrerin&#8221; mit Rainer Claus in der Christus-und Garnisonkirche #havenkirche #gottesdienstreihe #rebellin #dorothees\u00f6lle #miriam HAVENKIRCHE@FB&#8230;<\/p>\n","protected":false},"author":6,"featured_media":0,"comment_status":"false","ping_status":"open","sticky":false,"template":"","format":"standard","meta":{"footnotes":""},"categories":[75],"tags":[76],"class_list":["post-24766","post","type-post","status-publish","format-standard","hentry","category-havenkirche","tag-havenkirche"],"_links":{"self":[{"href":"https:\/\/christusnews.de\/site\/wp-json\/wp\/v2\/posts\/24766","targetHints":{"allow":["GET"]}}],"collection":[{"href":"https:\/\/christusnews.de\/site\/wp-json\/wp\/v2\/posts"}],"about":[{"href":"https:\/\/christusnews.de\/site\/wp-json\/wp\/v2\/types\/post"}],"author":[{"embeddable":true,"href":"https:\/\/christusnews.de\/site\/wp-json\/wp\/v2\/users\/6"}],"replies":[{"embeddable":true,"href":"https:\/\/christusnews.de\/site\/wp-json\/wp\/v2\/comments?post=24766"}],"version-history":[{"count":1,"href":"https:\/\/christusnews.de\/site\/wp-json\/wp\/v2\/posts\/24766\/revisions"}],"predecessor-version":[{"id":24767,"href":"https:\/\/christusnews.de\/site\/wp-json\/wp\/v2\/posts\/24766\/revisions\/24767"}],"wp:attachment":[{"href":"https:\/\/christusnews.de\/site\/wp-json\/wp\/v2\/media?parent=24766"}],"wp:term":[{"taxonomy":"category","embeddable":true,"href":"https:\/\/christusnews.de\/site\/wp-json\/wp\/v2\/categories?post=24766"},{"taxonomy":"post_tag","embeddable":true,"href":"https:\/\/christusnews.de\/site\/wp-json\/wp\/v2\/tags?post=24766"}],"curies":[{"name":"wp","href":"https:\/\/api.w.org\/{rel}","templated":true}]}}