{"id":24768,"date":"2023-08-06T08:04:00","date_gmt":"2023-08-06T06:04:00","guid":{"rendered":"https:\/\/christusnews.de\/site\/aktivisten-demonstrieren-in-oldenburg-still-fuer-das-klima\/"},"modified":"2023-08-07T11:18:35","modified_gmt":"2023-08-07T09:18:35","slug":"aktivisten-demonstrieren-in-oldenburg-still-fuer-das-klima","status":"publish","type":"post","link":"https:\/\/christusnews.de\/site\/aktivisten-demonstrieren-in-oldenburg-still-fuer-das-klima\/","title":{"rendered":"Aktivisten demonstrieren in Oldenburg still f\u00fcr das Klima"},"content":{"rendered":"<p>Oldenburg (epd). Still, leise und tanzend haben Klimaschutzaktivisten am Samstag, in Oldenburg f\u00fcr den Klimaschutz demonstriert. Bei der sogenannten \u00abSilent Climate Parade\u00bb waren nach Polizeiangaben rund 50 Personen unterwegs. Die Veranstaltung sei ohne Zwischenf\u00e4lle verlaufen, sagte ein Polizeisprecher am Sonntag dem epd. Die Demonstranten waren nach eigenen Angaben f\u00fcr ein gr\u00fcnes, menschengerechtes Oldenburg unterwegs.<\/p>\n<p>\nZu der Aktion hatten das Jugendumweltnetzwerk Janun Oldenburg, die For-Future-Gruppen der Stadt und die evangelische Jugend Oldenburg aufgerufen. In der vermeintlich \u00abgr\u00fcnen Stadt Oldenburg\u00bb seien mehr als 46 Prozent der Siedlungsgebiete versiegelt, hie\u00df es. Angesichts der voranschreitenden Klima- und Biodiversit\u00e4tskrise m\u00fcsse die Stadt deutlich gr\u00fcner und ein Lebensraum f\u00fcr Mensch und Natur werden.<\/p>\n<p>\nBei einer \u00abSilent Climate Parade\u00bb tragen die Teilnehmer Funkkopfh\u00f6rer, \u00fcber die sie Musik h\u00f6ren. Die Aktion sollte durch die stille Art auf das stille Voranschreiten der Klima- und Biodiversit\u00e4tskrise im Alltag des globalen Nordens aufmerksam machen.<\/p>\n<p>Kirche-Oldenburg<br \/>\n<a href=\"https:\/\/www.kirche-oldenburg.de\/\/aktuell\/news-niedersachsen\/artikel\/aktivisten-demonstrieren-in-oldenburg-still-fuer-das-klima\" target=\"_blank\" rel=\"noopener\">Aktivisten demonstrieren in Oldenburg still f\u00fcr das Klima<\/a><\/p>\n","protected":false},"excerpt":{"rendered":"<p>Oldenburg (epd). Still, leise und tanzend haben Klimaschutzaktivisten am Samstag, in Oldenburg f\u00fcr den Klimaschutz demonstriert. Bei der sogenannten \u00abSilent Climate Parade\u00bb waren nach Polizeiangaben rund 50 Personen unterwegs. Die Veranstaltung sei ohne Zwischenf\u00e4lle verlaufen, sagte ein Polizeisprecher am Sonntag dem epd. Die Demonstranten waren nach eigenen Angaben f\u00fcr ein gr\u00fcnes, menschengerechtes Oldenburg unterwegs. Zu der Aktion hatten das Jugendumweltnetzwerk Janun Oldenburg, die For-Future-Gruppen der Stadt und die evangelische Jugend Oldenburg aufgerufen. In der vermeintlich \u00abgr\u00fcnen Stadt Oldenburg\u00bb seien mehr als 46 Prozent der Siedlungsgebiete versiegelt, hie\u00df es. Angesichts der voranschreitenden Klima- und Biodiversit\u00e4tskrise m\u00fcsse die Stadt deutlich gr\u00fcner und&#8230;<\/p>\n","protected":false},"author":7,"featured_media":0,"comment_status":"false","ping_status":"open","sticky":false,"template":"","format":"standard","meta":{"footnotes":""},"categories":[43],"tags":[44],"class_list":["post-24768","post","type-post","status-publish","format-standard","hentry","category-kirche-oldenburg","tag-kirche-oldenburg"],"_links":{"self":[{"href":"https:\/\/christusnews.de\/site\/wp-json\/wp\/v2\/posts\/24768","targetHints":{"allow":["GET"]}}],"collection":[{"href":"https:\/\/christusnews.de\/site\/wp-json\/wp\/v2\/posts"}],"about":[{"href":"https:\/\/christusnews.de\/site\/wp-json\/wp\/v2\/types\/post"}],"author":[{"embeddable":true,"href":"https:\/\/christusnews.de\/site\/wp-json\/wp\/v2\/users\/7"}],"replies":[{"embeddable":true,"href":"https:\/\/christusnews.de\/site\/wp-json\/wp\/v2\/comments?post=24768"}],"version-history":[{"count":1,"href":"https:\/\/christusnews.de\/site\/wp-json\/wp\/v2\/posts\/24768\/revisions"}],"predecessor-version":[{"id":24769,"href":"https:\/\/christusnews.de\/site\/wp-json\/wp\/v2\/posts\/24768\/revisions\/24769"}],"wp:attachment":[{"href":"https:\/\/christusnews.de\/site\/wp-json\/wp\/v2\/media?parent=24768"}],"wp:term":[{"taxonomy":"category","embeddable":true,"href":"https:\/\/christusnews.de\/site\/wp-json\/wp\/v2\/categories?post=24768"},{"taxonomy":"post_tag","embeddable":true,"href":"https:\/\/christusnews.de\/site\/wp-json\/wp\/v2\/tags?post=24768"}],"curies":[{"name":"wp","href":"https:\/\/api.w.org\/{rel}","templated":true}]}}