{"id":24772,"date":"2023-08-05T07:59:00","date_gmt":"2023-08-05T05:59:00","guid":{"rendered":"https:\/\/christusnews.de\/site\/elternrat-fuerchtet-burnout-bei-muettern-und-vaetern-von-kita-kindern\/"},"modified":"2023-08-07T11:18:36","modified_gmt":"2023-08-07T09:18:36","slug":"elternrat-fuerchtet-burnout-bei-muettern-und-vaetern-von-kita-kindern","status":"publish","type":"post","link":"https:\/\/christusnews.de\/site\/elternrat-fuerchtet-burnout-bei-muettern-und-vaetern-von-kita-kindern\/","title":{"rendered":"Elternrat f\u00fcrchtet Burnout bei M\u00fcttern und V\u00e4tern von Kita-Kindern"},"content":{"rendered":"<p>Hannover\/Frankfurt a.M. (epd). Die Vorsitzende des Bundeselternrates, Christiane Gotte, bef\u00fcrchtet angesichts des Personalmangels in Kindertagesst\u00e4tten eine Burnout-Welle bei M\u00fcttern und V\u00e4tern. Dem \u00abRedaktionsNetzwerk Deutschland\u00bb (Samstag) sagte Gotte, seit der Corona-Pandemie h\u00e4tten Eltern \u00abkaum noch Erholungszeiten. Sie fangen nur noch auf. Ich rechne fest mit einer Burnout-Welle.\u00bb<\/p>\n<p>\nVor allem in Westdeutschland sei die Lage teilweise dramatisch, w\u00e4hrend Ostdeutschland wegen der Arbeits- und Betreuungssituation zu DDR-Zeiten immer noch einen strukturellen Vorteil habe. Doch auch in den ostdeutschen Bundesl\u00e4ndern schwinde das Personal. Die Vorsitzende des Bundeselternrates berichtete au\u00dferdem von Eltern, die sich wegen der belastenden Arbeits- und Betreuungssituation mit Auswanderungsabsichten tr\u00fcgen.<\/p>\n<p>\nAusdr\u00fccklich bef\u00fcrwortete Gotte den Einsatz von p\u00e4dagogischen Laiinnen und Laien in der Kinderbetreuung. Die Bundesl\u00e4nder, die in den zur\u00fcckliegenden Jahren nicht-professionelles Personal eingestellt und qualifiziert h\u00e4tten, st\u00fcnden besser da: \u00abSie konnten den Personalmangel noch am besten auffangen.\u00bb Als Gegenma\u00dfnahmen f\u00fcr den aktuellen Personalmangel empfahl die Elternrat-Vorsitzende, die Gewinnung von Fachkr\u00e4ften voranzutreiben, geeignete p\u00e4dagogische Laiinnen und Laien zu qualifizieren sowie das Bestandspersonal fortlaufend weiterzubilden.<\/p>\n<p>\nEine am Freitag ver\u00f6ffentlichte Befragung der Hans-B\u00f6ckler-Stiftung hatte unter anderem ergeben, dass eine Mehrheit der erwerbst\u00e4tigen Eltern mit kleinen Kindern in Deutschland Probleme wegen Kita-Schlie\u00dfungen und verk\u00fcrzten Betreuungszeiten hat: Knapp die H\u00e4lfte der betroffenen M\u00fctter und V\u00e4ter nahm demnach Urlaub oder baute \u00dcberstunden ab, wobei vor allem Frauen die fehlende Betreuung ausgeglichen. Als Ursache benannte die Umfrage den Personalmangel in den Kindertagesst\u00e4tten.<br \/>\n&nbsp;<\/p>\n<p>Kirche-Oldenburg<br \/>\n<a href=\"https:\/\/www.kirche-oldenburg.de\/\/aktuell\/news-niedersachsen\/artikel\/elternrat-fuerchtet-burnout-bei-muettern-und-vaetern-von-kita-kindern\" target=\"_blank\" rel=\"noopener\">Elternrat f\u00fcrchtet Burnout bei M\u00fcttern und V\u00e4tern von Kita-Kindern<\/a><\/p>\n","protected":false},"excerpt":{"rendered":"<p>Hannover\/Frankfurt a.M. (epd). Die Vorsitzende des Bundeselternrates, Christiane Gotte, bef\u00fcrchtet angesichts des Personalmangels in Kindertagesst\u00e4tten eine Burnout-Welle bei M\u00fcttern und V\u00e4tern. Dem \u00abRedaktionsNetzwerk Deutschland\u00bb (Samstag) sagte Gotte, seit der Corona-Pandemie h\u00e4tten Eltern \u00abkaum noch Erholungszeiten. Sie fangen nur noch auf. Ich rechne fest mit einer Burnout-Welle.\u00bb Vor allem in Westdeutschland sei die Lage teilweise dramatisch, w\u00e4hrend Ostdeutschland wegen der Arbeits- und Betreuungssituation zu DDR-Zeiten immer noch einen strukturellen Vorteil habe. Doch auch in den ostdeutschen Bundesl\u00e4ndern schwinde das Personal. Die Vorsitzende des Bundeselternrates berichtete au\u00dferdem von Eltern, die sich wegen der belastenden Arbeits- und Betreuungssituation mit Auswanderungsabsichten tr\u00fcgen. Ausdr\u00fccklich bef\u00fcrwortete&#8230;<\/p>\n","protected":false},"author":7,"featured_media":0,"comment_status":"false","ping_status":"open","sticky":false,"template":"","format":"standard","meta":{"footnotes":""},"categories":[43],"tags":[44],"class_list":["post-24772","post","type-post","status-publish","format-standard","hentry","category-kirche-oldenburg","tag-kirche-oldenburg"],"_links":{"self":[{"href":"https:\/\/christusnews.de\/site\/wp-json\/wp\/v2\/posts\/24772","targetHints":{"allow":["GET"]}}],"collection":[{"href":"https:\/\/christusnews.de\/site\/wp-json\/wp\/v2\/posts"}],"about":[{"href":"https:\/\/christusnews.de\/site\/wp-json\/wp\/v2\/types\/post"}],"author":[{"embeddable":true,"href":"https:\/\/christusnews.de\/site\/wp-json\/wp\/v2\/users\/7"}],"replies":[{"embeddable":true,"href":"https:\/\/christusnews.de\/site\/wp-json\/wp\/v2\/comments?post=24772"}],"version-history":[{"count":1,"href":"https:\/\/christusnews.de\/site\/wp-json\/wp\/v2\/posts\/24772\/revisions"}],"predecessor-version":[{"id":24773,"href":"https:\/\/christusnews.de\/site\/wp-json\/wp\/v2\/posts\/24772\/revisions\/24773"}],"wp:attachment":[{"href":"https:\/\/christusnews.de\/site\/wp-json\/wp\/v2\/media?parent=24772"}],"wp:term":[{"taxonomy":"category","embeddable":true,"href":"https:\/\/christusnews.de\/site\/wp-json\/wp\/v2\/categories?post=24772"},{"taxonomy":"post_tag","embeddable":true,"href":"https:\/\/christusnews.de\/site\/wp-json\/wp\/v2\/tags?post=24772"}],"curies":[{"name":"wp","href":"https:\/\/api.w.org\/{rel}","templated":true}]}}