{"id":24776,"date":"2023-08-04T07:53:00","date_gmt":"2023-08-04T05:53:00","guid":{"rendered":"https:\/\/christusnews.de\/site\/bildungsverbaende-beklagen-anhaltenden-lehrermangel\/"},"modified":"2023-08-07T11:18:37","modified_gmt":"2023-08-07T09:18:37","slug":"bildungsverbaende-beklagen-anhaltenden-lehrermangel","status":"publish","type":"post","link":"https:\/\/christusnews.de\/site\/bildungsverbaende-beklagen-anhaltenden-lehrermangel\/","title":{"rendered":"Bildungsverb\u00e4nde beklagen anhaltenden Lehrermangel"},"content":{"rendered":"<p>Hannover (epd). Deutschlands Bildungsverb\u00e4nde blicken angesichts des Lehrkr\u00e4ftemangels in den Schulen pessimistisch auf den Start ins neue Unterrichtsjahr. \u00abDer Bedarf an Lehrkr\u00e4ften ist auch im neuen Schuljahr mitnichten gedeckt und ein reibungsloser Start ist nicht zu erwarten\u00bb, sagte der Bundesvorsitzende des Verbandes Bildung und Erziehung, Gerhard Brand, dem \u00abRedaktionsNetzwerk Deutschland\u00bb (Samstag). \u00abLeider ist der gro\u00dfe Aufbruch auf der politischen B\u00fchne bislang nicht in Sicht.\u00bb In Nordrhein-Westfalen enden als erstem Bundesland am Montag die Sommerferien.<\/p>\n<p>\nAuch die Gewerkschaft Erziehung und Wissenschaft beklagte die anhaltende Fachkr\u00e4fteproblematik. \u00abLeider sehen wir hier keine Fortschritte\u00bb, monierte das Vorstandsmitglied f\u00fcr Tarif- und Beamtenpolitik, Daniel Merbitz. \u00abSchon jetzt sind Tausende Stellen unbesetzt. Die Lage ist dramatisch.\u00bb<\/p>\n<p>\nDer Deutsche Lehrerverband wirft der Politik in diesem Zuge schwere Vers\u00e4umnisse vor. Sie reagiere zu langsam auf die Herausforderungen, die in der Vergangenheit ignoriert worden seien. \u00abStatt \u00fcber den vermeintlichen Bedarf einzustellen, wurden ganze Jahrg\u00e4nge ohne Angebot auf Besch\u00e4ftigung aus dem Referendariat entlassen\u00bb, beklagte Pr\u00e4sident Stefan D\u00fcll. Auch das Konzept, vermehrt auf Quereinsteiger zu setzen, sehen die Verb\u00e4nde kritisch.<\/p>\n<p>Kirche-Oldenburg<br \/>\n<a href=\"https:\/\/www.kirche-oldenburg.de\/\/aktuell\/news-niedersachsen\/artikel\/bildungsverbaende-beklagen-anhaltenden-lehrermangel\" target=\"_blank\" rel=\"noopener\">Bildungsverb\u00e4nde beklagen anhaltenden Lehrermangel<\/a><\/p>\n","protected":false},"excerpt":{"rendered":"<p>Hannover (epd). Deutschlands Bildungsverb\u00e4nde blicken angesichts des Lehrkr\u00e4ftemangels in den Schulen pessimistisch auf den Start ins neue Unterrichtsjahr. \u00abDer Bedarf an Lehrkr\u00e4ften ist auch im neuen Schuljahr mitnichten gedeckt und ein reibungsloser Start ist nicht zu erwarten\u00bb, sagte der Bundesvorsitzende des Verbandes Bildung und Erziehung, Gerhard Brand, dem \u00abRedaktionsNetzwerk Deutschland\u00bb (Samstag). \u00abLeider ist der gro\u00dfe Aufbruch auf der politischen B\u00fchne bislang nicht in Sicht.\u00bb In Nordrhein-Westfalen enden als erstem Bundesland am Montag die Sommerferien. Auch die Gewerkschaft Erziehung und Wissenschaft beklagte die anhaltende Fachkr\u00e4fteproblematik. \u00abLeider sehen wir hier keine Fortschritte\u00bb, monierte das Vorstandsmitglied f\u00fcr Tarif- und Beamtenpolitik, Daniel Merbitz. \u00abSchon&#8230;<\/p>\n","protected":false},"author":7,"featured_media":0,"comment_status":"false","ping_status":"open","sticky":false,"template":"","format":"standard","meta":{"footnotes":""},"categories":[43],"tags":[44],"class_list":["post-24776","post","type-post","status-publish","format-standard","hentry","category-kirche-oldenburg","tag-kirche-oldenburg"],"_links":{"self":[{"href":"https:\/\/christusnews.de\/site\/wp-json\/wp\/v2\/posts\/24776","targetHints":{"allow":["GET"]}}],"collection":[{"href":"https:\/\/christusnews.de\/site\/wp-json\/wp\/v2\/posts"}],"about":[{"href":"https:\/\/christusnews.de\/site\/wp-json\/wp\/v2\/types\/post"}],"author":[{"embeddable":true,"href":"https:\/\/christusnews.de\/site\/wp-json\/wp\/v2\/users\/7"}],"replies":[{"embeddable":true,"href":"https:\/\/christusnews.de\/site\/wp-json\/wp\/v2\/comments?post=24776"}],"version-history":[{"count":1,"href":"https:\/\/christusnews.de\/site\/wp-json\/wp\/v2\/posts\/24776\/revisions"}],"predecessor-version":[{"id":24777,"href":"https:\/\/christusnews.de\/site\/wp-json\/wp\/v2\/posts\/24776\/revisions\/24777"}],"wp:attachment":[{"href":"https:\/\/christusnews.de\/site\/wp-json\/wp\/v2\/media?parent=24776"}],"wp:term":[{"taxonomy":"category","embeddable":true,"href":"https:\/\/christusnews.de\/site\/wp-json\/wp\/v2\/categories?post=24776"},{"taxonomy":"post_tag","embeddable":true,"href":"https:\/\/christusnews.de\/site\/wp-json\/wp\/v2\/tags?post=24776"}],"curies":[{"name":"wp","href":"https:\/\/api.w.org\/{rel}","templated":true}]}}