{"id":24778,"date":"2023-08-04T07:52:00","date_gmt":"2023-08-04T05:52:00","guid":{"rendered":"https:\/\/christusnews.de\/site\/laender-wollen-kita-mittel-vom-bund-vor-allem-fuer-personal-verwenden\/"},"modified":"2023-08-07T11:18:37","modified_gmt":"2023-08-07T09:18:37","slug":"laender-wollen-kita-mittel-vom-bund-vor-allem-fuer-personal-verwenden","status":"publish","type":"post","link":"https:\/\/christusnews.de\/site\/laender-wollen-kita-mittel-vom-bund-vor-allem-fuer-personal-verwenden\/","title":{"rendered":"L\u00e4nder wollen Kita-Mittel vom Bund vor allem f\u00fcr Personal verwenden"},"content":{"rendered":"<p>Der Bund hat den L\u00e4ndern Geld f\u00fcr mehr Kita-Qualit\u00e4t versprochen. Die ersten Mittel sollen nun flie\u00dfen. Investieren wollen die L\u00e4nder vor allem in mehr Personal. Laut einer aktuellen Umfrage ist ein Mangel in dem Bereich auch das gr\u00f6\u00dfte Problem.<\/p>\n<p>\nBerlin\/Hannover (epd). Die L\u00e4nder wollen das vom Bund zur Verf\u00fcgung gestellte Geld f\u00fcr eine bessere Qualit\u00e4t der Kinderbetreuung vor allem in Personal stecken. Wie Bundesfamilienministerin Lisa Paus (Gr\u00fcne) am Freitag in Berlin mitteilte, soll jeweils knapp eine der insgesamt vier Milliarden Euro f\u00fcr einen besseren Fachkraft-Kind-Schl\u00fcssel (984 Millionen Euro) und die Gewinnung von Fachkr\u00e4ften (933 Millionen Euro) ausgegeben werden. Jedes Bundesland plant nach ihren Angaben Investitionen in mindestens einem der Bereiche, einige sogar in beide. Es sei ein \u00abklarer Schwerpunkt\u00bb, sagte Paus.<\/p>\n<p>\nDie Ministerin gab am Freitag den praktischen Start des Ende vergangenen Jahres vom Bundestag beschlossenen Kita-Qualit\u00e4tsgesetz bekannt, mit dem der Bund die L\u00e4nder in diesem und im kommenden Jahr finanziell bei der Verbesserung der Kinderbetreuung unterst\u00fctzen will. Am selben Tag ver\u00f6ffentlichte die gewerkschaftsnahe Hans-B\u00f6ckler-Stiftung Ergebnisse einer Umfrage, nach denen Eltern nicht nur weiterhin Probleme haben, einen Kita-Platz zu bekommen, sondern wegen Personalmangels auch dann nicht auf eine zuverl\u00e4ssige Betreuung vertrauen k\u00f6nnen, wenn sie einen Platz haben.<\/p>\n<p>\nMehr als die H\u00e4lfte (57 Prozent) der Befragten waren demnach in diesem Fr\u00fchjahr mit K\u00fcrzungen der Betreuungszeiten oder zeitweiligen Schlie\u00dfungen der Einrichtung konfrontiert. Befragt wurden 5.000 Personen. Paus betonte mit Blick auf die Studie die Dringlichkeit f\u00fcr Investitionen in das Personal von Kitas.<\/p>\n<p>\n\u00dcber die Verwendung der Mittel aus dem Kita-Qualit\u00e4tsgesetz hat Paus mit jedem Bundesland Vertr\u00e4ge abgeschlossen, damit die Mittel jeweils am sinnvollsten verwendet werden. Nun k\u00f6nne es \u00fcberwiesen werden, sagte sie. Ausgegeben werden kann das Geld unter anderem auch f\u00fcr gesundes Kita-Essen, Gesundheitsvorsorge und f\u00fcr Bewegungsangebote.<\/p>\n<p>\nDem Ministerium zufolge sind 312 Millionen Euro der zur Verf\u00fcgung gestellten Mittel f\u00fcr den Bereich sprachliche Bildung geplant. Das Geld soll dabei helfen, Angebote der Sprachkitas aufrechtzuerhalten, denen nach einem Auslaufen der F\u00f6rderung das Aus drohte. 530 Millionen Euro sollen f\u00fcr die Qualifizierung von Kita-Leitungen verwendet werden, 179 Millionen Euro f\u00fcr bedarfsgerechte Angebote. F\u00fcr die St\u00e4rkung der Kindertagespflege sollen 148 Millionen Euro ausgegeben werden, f\u00fcr den Bereich gesundes Essen und Bewegung neun Millionen Euro.<\/p>\n<p>\nIn begrenztem Umfang k\u00f6nnen die Mittel auch f\u00fcr eine Entlastung der Eltern bei den Kita-Beitr\u00e4gen verwendet werden. Paus zufolge ist ein F\u00fcnftel der Mittel daf\u00fcr geplant. Vorher sei ein Drittel der Mittel daf\u00fcr ausgegeben worden. Seit 2019 unterst\u00fctzt der Bund die L\u00e4nder im Bereich Kita. Beitragsentlastungen etwa f\u00fcr das letzte Kita-Jahr vor der Einschulung oder Geschwisterkinder in der Betreuung planen aber l\u00e4ngst nicht alle L\u00e4nder. Laut einer \u00dcbersicht des Familienministeriums wollen Bayern, Mecklenburg-Vorpommern, Nordrhein-Westfalen, das Saarland, Sachsen-Anhalt und Th\u00fcringen Geld daf\u00fcr verwenden.<\/p>\n<p>\nInsgesamt setzen die L\u00e4nder, die nach Einwohnerzahl Mittel aus dem Topf des Bundes bekommen, das Geld unterschiedlich ein. Hamburg will den Angaben zufolge das ganze Geld in einen besseren Betreuungsschl\u00fcssel in Krippen stecken, Brandenburg will in Personalschl\u00fcssel und Zeit f\u00fcr die Anleitung von Auszubildenden investieren. Berlin will in nahezu allen F\u00f6rderbereichen Mittel verwenden, unter anderem, um die Sprachkitas fortzuf\u00fchren.<\/p>\n<p>Kirche-Oldenburg<br \/>\n<a href=\"https:\/\/www.kirche-oldenburg.de\/\/aktuell\/news-niedersachsen\/artikel\/laender-wollen-kita-mittel-vom-bund-vor-allem-fuer-personal-verwenden\" target=\"_blank\" rel=\"noopener\">L\u00e4nder wollen Kita-Mittel vom Bund vor allem f\u00fcr Personal verwenden<\/a><\/p>\n","protected":false},"excerpt":{"rendered":"<p>Der Bund hat den L\u00e4ndern Geld f\u00fcr mehr Kita-Qualit\u00e4t versprochen. Die ersten Mittel sollen nun flie\u00dfen. Investieren wollen die L\u00e4nder vor allem in mehr Personal. Laut einer aktuellen Umfrage ist ein Mangel in dem Bereich auch das gr\u00f6\u00dfte Problem. Berlin\/Hannover (epd). Die L\u00e4nder wollen das vom Bund zur Verf\u00fcgung gestellte Geld f\u00fcr eine bessere Qualit\u00e4t der Kinderbetreuung vor allem in Personal stecken. Wie Bundesfamilienministerin Lisa Paus (Gr\u00fcne) am Freitag in Berlin mitteilte, soll jeweils knapp eine der insgesamt vier Milliarden Euro f\u00fcr einen besseren Fachkraft-Kind-Schl\u00fcssel (984 Millionen Euro) und die Gewinnung von Fachkr\u00e4ften (933 Millionen Euro) ausgegeben werden. Jedes Bundesland&#8230;<\/p>\n","protected":false},"author":7,"featured_media":0,"comment_status":"false","ping_status":"open","sticky":false,"template":"","format":"standard","meta":{"footnotes":""},"categories":[43],"tags":[44],"class_list":["post-24778","post","type-post","status-publish","format-standard","hentry","category-kirche-oldenburg","tag-kirche-oldenburg"],"_links":{"self":[{"href":"https:\/\/christusnews.de\/site\/wp-json\/wp\/v2\/posts\/24778","targetHints":{"allow":["GET"]}}],"collection":[{"href":"https:\/\/christusnews.de\/site\/wp-json\/wp\/v2\/posts"}],"about":[{"href":"https:\/\/christusnews.de\/site\/wp-json\/wp\/v2\/types\/post"}],"author":[{"embeddable":true,"href":"https:\/\/christusnews.de\/site\/wp-json\/wp\/v2\/users\/7"}],"replies":[{"embeddable":true,"href":"https:\/\/christusnews.de\/site\/wp-json\/wp\/v2\/comments?post=24778"}],"version-history":[{"count":1,"href":"https:\/\/christusnews.de\/site\/wp-json\/wp\/v2\/posts\/24778\/revisions"}],"predecessor-version":[{"id":24779,"href":"https:\/\/christusnews.de\/site\/wp-json\/wp\/v2\/posts\/24778\/revisions\/24779"}],"wp:attachment":[{"href":"https:\/\/christusnews.de\/site\/wp-json\/wp\/v2\/media?parent=24778"}],"wp:term":[{"taxonomy":"category","embeddable":true,"href":"https:\/\/christusnews.de\/site\/wp-json\/wp\/v2\/categories?post=24778"},{"taxonomy":"post_tag","embeddable":true,"href":"https:\/\/christusnews.de\/site\/wp-json\/wp\/v2\/tags?post=24778"}],"curies":[{"name":"wp","href":"https:\/\/api.w.org\/{rel}","templated":true}]}}