{"id":24800,"date":"2023-08-09T15:07:15","date_gmt":"2023-08-09T13:07:15","guid":{"rendered":"https:\/\/christusnews.de\/site\/streitbar-und-bodenstaendig\/"},"modified":"2023-08-09T23:17:20","modified_gmt":"2023-08-09T21:17:20","slug":"streitbar-und-bodenstaendig","status":"publish","type":"post","link":"https:\/\/christusnews.de\/site\/streitbar-und-bodenstaendig\/","title":{"rendered":"Streitbar und bodenst\u00e4ndig"},"content":{"rendered":"<p>Die Evangelisch-Lutherische Kirche in Oldenburg trauert um Altbischof Horst Hirschler, der heute am 9. August, kurz vor Vollendung seines 90. Lebensjahres nach schwerer Krankheit verstorben ist. \u201eDie Momente, in denen ich Horst Hirschler begegnet bin, werden mir immer als Momente eines lebendigen Austauschs in Erinnerung bleiben: streitbar und bodenst\u00e4ndig\u201c, sagte Bischof Thomas Adomeit. \u201eIch habe ihn gesch\u00e4tzt als einen Prediger, dem es immer wieder gelang, den Menschen mit seinen Worten die lebensdienliche Kraft des Evangeliums von der Liebe Gottes zu allen Menschen nahe zu bringen. Meine Gedanken und Gebete gelten seiner Familie.&#8221;<br \/>\n&nbsp; &nbsp;<br \/>\nHorst Hirschler war von 1988 bis 1999 Bischof der Evangelisch-lutherischen Landeskirche Hannovers. Als Landesbischof war er von 1993 bis zu seinem Eintritt in den Ruhestand 1999 auch Leitender Bischof der Vereinigten Evangelisch-Lutherischen Kirche Deutschlands (VELKD). Von 1991 bis 1997 geh\u00f6rte er dem Rat der Evangelischen Kirche in Deutschland (EKD) an und war Vizepr\u00e4sident des Lutherischen Weltbundes.<br \/>\n&nbsp; &nbsp;<br \/>\nDer Landesbischof der Evangelisch-lutherischen Landeskirche Hannovers Ralf Meister w\u00fcrdigte Hirschler als \u201egro\u00dfen Erz\u00e4hler des christlichen Glaubens\u201c. Die Ratsvorsitzende der Evangelischen Kirche in Deutschland (EKD), Annette Kurschus, lobte den Einsatz Hirschlers f\u00fcr den \u00f6kumenischen Dialog: \u201eBeharrlich rang er darum, die trennenden Hindernisse im Miteinander der Konfessionen gemeinsam zu \u00fcberwinden.\u201c Die Pr\u00e4ses der EKD-Synode, Anna-Nicole Heinrich, w\u00fcrdigte seinen Einsatz f\u00fcr die EKD: \u201eHorst Hirschler hat sich mit gro\u00dfer Leidenschaft f\u00fcr unsere Kirche eingesetzt. Seine Stimme wird uns als Kirche fehlen.\u201c<\/p>\n<p>Kirche-Oldenburg<br \/>\n<a href=\"https:\/\/www.kirche-oldenburg.de\/\/aktuell\/pressemitteilungen\/artikel\/streitbar-und-bodenstaendig\" target=\"_blank\" rel=\"noopener\">Streitbar und bodenst\u00e4ndig<\/a><\/p>\n","protected":false},"excerpt":{"rendered":"<p>Die Evangelisch-Lutherische Kirche in Oldenburg trauert um Altbischof Horst Hirschler, der heute am 9. August, kurz vor Vollendung seines 90. Lebensjahres nach schwerer Krankheit verstorben ist. \u201eDie Momente, in denen ich Horst Hirschler begegnet bin, werden mir immer als Momente eines lebendigen Austauschs in Erinnerung bleiben: streitbar und bodenst\u00e4ndig\u201c, sagte Bischof Thomas Adomeit. \u201eIch habe ihn gesch\u00e4tzt als einen Prediger, dem es immer wieder gelang, den Menschen mit seinen Worten die lebensdienliche Kraft des Evangeliums von der Liebe Gottes zu allen Menschen nahe zu bringen. Meine Gedanken und Gebete gelten seiner Familie.&#8221; &nbsp; &nbsp; Horst Hirschler war von 1988 bis&#8230;<\/p>\n","protected":false},"author":7,"featured_media":0,"comment_status":"false","ping_status":"open","sticky":false,"template":"","format":"standard","meta":{"footnotes":""},"categories":[43],"tags":[44],"class_list":["post-24800","post","type-post","status-publish","format-standard","hentry","category-kirche-oldenburg","tag-kirche-oldenburg"],"_links":{"self":[{"href":"https:\/\/christusnews.de\/site\/wp-json\/wp\/v2\/posts\/24800","targetHints":{"allow":["GET"]}}],"collection":[{"href":"https:\/\/christusnews.de\/site\/wp-json\/wp\/v2\/posts"}],"about":[{"href":"https:\/\/christusnews.de\/site\/wp-json\/wp\/v2\/types\/post"}],"author":[{"embeddable":true,"href":"https:\/\/christusnews.de\/site\/wp-json\/wp\/v2\/users\/7"}],"replies":[{"embeddable":true,"href":"https:\/\/christusnews.de\/site\/wp-json\/wp\/v2\/comments?post=24800"}],"version-history":[{"count":1,"href":"https:\/\/christusnews.de\/site\/wp-json\/wp\/v2\/posts\/24800\/revisions"}],"predecessor-version":[{"id":24801,"href":"https:\/\/christusnews.de\/site\/wp-json\/wp\/v2\/posts\/24800\/revisions\/24801"}],"wp:attachment":[{"href":"https:\/\/christusnews.de\/site\/wp-json\/wp\/v2\/media?parent=24800"}],"wp:term":[{"taxonomy":"category","embeddable":true,"href":"https:\/\/christusnews.de\/site\/wp-json\/wp\/v2\/categories?post=24800"},{"taxonomy":"post_tag","embeddable":true,"href":"https:\/\/christusnews.de\/site\/wp-json\/wp\/v2\/tags?post=24800"}],"curies":[{"name":"wp","href":"https:\/\/api.w.org\/{rel}","templated":true}]}}