{"id":24815,"date":"2023-08-10T06:56:00","date_gmt":"2023-08-10T04:56:00","guid":{"rendered":"https:\/\/christusnews.de\/site\/vereinbarkeit-von-beruf-und-familie-in-bremen-besonders-schwierig\/"},"modified":"2023-08-11T11:19:13","modified_gmt":"2023-08-11T09:19:13","slug":"vereinbarkeit-von-beruf-und-familie-in-bremen-besonders-schwierig","status":"publish","type":"post","link":"https:\/\/christusnews.de\/site\/vereinbarkeit-von-beruf-und-familie-in-bremen-besonders-schwierig\/","title":{"rendered":"Vereinbarkeit von Beruf und Familie in Bremen besonders schwierig"},"content":{"rendered":"<p>Bremen (epd). Beruf und Familie zu vereinbaren, ist nach einer Untersuchung der Arbeitnehmerkammer Bremen nirgendwo so schwierig wie in der Hansestadt. \u00abIn keinem anderen Bundesland arbeiten so wenig Frauen und so wenig M\u00fctter. Und nirgends ist die Betreuungsl\u00fccke so gro\u00df\u00bb, sagte der Hauptgesch\u00e4ftsf\u00fchrer der Kammer, Peer Rosenthal, am Donnerstag.<\/p>\n<p>\nEin Drittel der Bremer und Bremerhavener Frauen sind laut Rosenthal nicht erwerbst\u00e4tig. Dieser R\u00fcckstand werde noch gr\u00f6\u00dfer, wenn Kinder zu versorgen sind: Nur etwa die H\u00e4lfte der M\u00fctter mit Kindern im Krippen- oder Kita-Alter seien in den Arbeitsmarkt integriert. Auch dies sei im L\u00e4ndervergleich der mit Abstand niedrigste Anteil.<\/p>\n<p>\nMitverantwortlich sei die besonders gro\u00dfe Betreuungsl\u00fccke in dem Stadtstaat. Von den Kindern unter drei Jahren h\u00e4tten 2022 nur knapp ein Drittel einen Krippenplatz gehabt &#8211; dabei br\u00e4uchte die H\u00e4lfte dieser Eltern einen, sagte Rosenthal. Bei den Kita-Kindern liege die Quote mit 88 Prozent zwar h\u00f6her, allerdings ben\u00f6tigten fnahezu alle Eltern mit Kindern in diesem Alter einen Betreuungsplatz. \u00abDas wirkt sich verheerend f\u00fcr die Eltern aus und verbaut vor allem M\u00fcttern den Weg in die berufliche und finanzielle Unabh\u00e4ngigkeit\u00bb, mahnte Rosenthal.<\/p>\n<p>\nSchlecht schneidet Bremen den Angaben zufolge auch bei den Betreuungszeiten in den Kitas ab. Diese sei mit knapp \u00fcber acht Stunden besonders kurz. Vergleichbare St\u00e4dte wie Berlin und Hamburg b\u00f6ten rund neun Stunden, Leipzig und Dresden sogar fast elf Stunden Betreuung an.<\/p>\n<p>\nIn einer Sonderauswertung habe die Kammer au\u00dferdem die Aufteilung von Sorgearbeit in der Familie untersucht. In nahezu der H\u00e4lfte aller Paarfamilien teilten sich M\u00fctter und V\u00e4ter die Erwerbsarbeit gleichberechtigt. Mit rund 40 Prozent wachse die Zahl von Paarfamilien, in denen auch die M\u00fctter Vollzeit oder vollzeitnah arbeiten. Das klassische Ern\u00e4hrer-Modell mit einem Vater in Vollzeit und einer nicht erwerbst\u00e4tigen Mutter werde in fast einem Viertel der Familien gelebt.<\/p>\n<p>\nRosenthal mahnte mehr Kita-Pl\u00e4tze sowie l\u00e4ngere und flexiblere \u00d6ffnungszeiten an. Ziel m\u00fcsse sein, innerhalb dieser Legislaturperiode in jedem Stadtteil mindestens zwei Kitas mit ausgeweiteten \u00d6ffnungszeiten aufzubauen.<br \/>\n&nbsp;<\/p>\n<p>Kirche-Oldenburg<br \/>\n<a href=\"https:\/\/www.kirche-oldenburg.de\/\/aktuell\/news-niedersachsen\/artikel\/vereinbarkeit-von-beruf-und-familie-in-bremen-besonders-schwierig\" target=\"_blank\" rel=\"noopener\">Vereinbarkeit von Beruf und Familie in Bremen besonders schwierig<\/a><\/p>\n","protected":false},"excerpt":{"rendered":"<p>Bremen (epd). Beruf und Familie zu vereinbaren, ist nach einer Untersuchung der Arbeitnehmerkammer Bremen nirgendwo so schwierig wie in der Hansestadt. \u00abIn keinem anderen Bundesland arbeiten so wenig Frauen und so wenig M\u00fctter. Und nirgends ist die Betreuungsl\u00fccke so gro\u00df\u00bb, sagte der Hauptgesch\u00e4ftsf\u00fchrer der Kammer, Peer Rosenthal, am Donnerstag. Ein Drittel der Bremer und Bremerhavener Frauen sind laut Rosenthal nicht erwerbst\u00e4tig. Dieser R\u00fcckstand werde noch gr\u00f6\u00dfer, wenn Kinder zu versorgen sind: Nur etwa die H\u00e4lfte der M\u00fctter mit Kindern im Krippen- oder Kita-Alter seien in den Arbeitsmarkt integriert. Auch dies sei im L\u00e4ndervergleich der mit Abstand niedrigste Anteil. Mitverantwortlich sei&#8230;<\/p>\n","protected":false},"author":7,"featured_media":0,"comment_status":"false","ping_status":"open","sticky":false,"template":"","format":"standard","meta":{"footnotes":""},"categories":[43],"tags":[44],"class_list":["post-24815","post","type-post","status-publish","format-standard","hentry","category-kirche-oldenburg","tag-kirche-oldenburg"],"_links":{"self":[{"href":"https:\/\/christusnews.de\/site\/wp-json\/wp\/v2\/posts\/24815","targetHints":{"allow":["GET"]}}],"collection":[{"href":"https:\/\/christusnews.de\/site\/wp-json\/wp\/v2\/posts"}],"about":[{"href":"https:\/\/christusnews.de\/site\/wp-json\/wp\/v2\/types\/post"}],"author":[{"embeddable":true,"href":"https:\/\/christusnews.de\/site\/wp-json\/wp\/v2\/users\/7"}],"replies":[{"embeddable":true,"href":"https:\/\/christusnews.de\/site\/wp-json\/wp\/v2\/comments?post=24815"}],"version-history":[{"count":1,"href":"https:\/\/christusnews.de\/site\/wp-json\/wp\/v2\/posts\/24815\/revisions"}],"predecessor-version":[{"id":24816,"href":"https:\/\/christusnews.de\/site\/wp-json\/wp\/v2\/posts\/24815\/revisions\/24816"}],"wp:attachment":[{"href":"https:\/\/christusnews.de\/site\/wp-json\/wp\/v2\/media?parent=24815"}],"wp:term":[{"taxonomy":"category","embeddable":true,"href":"https:\/\/christusnews.de\/site\/wp-json\/wp\/v2\/categories?post=24815"},{"taxonomy":"post_tag","embeddable":true,"href":"https:\/\/christusnews.de\/site\/wp-json\/wp\/v2\/tags?post=24815"}],"curies":[{"name":"wp","href":"https:\/\/api.w.org\/{rel}","templated":true}]}}