{"id":24821,"date":"2023-08-13T12:31:00","date_gmt":"2023-08-13T10:31:00","guid":{"rendered":"https:\/\/christusnews.de\/site\/experten-diskutieren-ueber-schifffahrt-seeleute-und-haefen\/"},"modified":"2023-08-14T23:18:01","modified_gmt":"2023-08-14T21:18:01","slug":"experten-diskutieren-ueber-schifffahrt-seeleute-und-haefen","status":"publish","type":"post","link":"https:\/\/christusnews.de\/site\/experten-diskutieren-ueber-schifffahrt-seeleute-und-haefen\/","title":{"rendered":"Experten diskutieren \u00fcber Schifffahrt, Seeleute und H\u00e4fen"},"content":{"rendered":"<p>Bremen (epd). Die Seeschifffahrt als vernachl\u00e4ssigte umwelt- und entwicklungspolitische Dimension der globalen Lieferketten ist das Thema einer hochrangig besetzten Podiumsdiskussion am 7. September ab 19 Uhr im Bremer \u00dcbersee-Museum. Wie die Bremer Initiative \u00abFair Oceans\u00bb am Sonntag mitteilte, beteiligen sich daran der Koordinator der Bundesregierung f\u00fcr die maritime Wirtschaft und Tourismus, Dieter Janecek (Gr\u00fcne), der Gesch\u00e4ftsf\u00fchrer der Deutschen Seemannsmission, Matthias Ristau, sowie der Bremerhavener Bundestagsabgeordnete Uwe Schmidt (SPD). Schmidt ist zugleich Lotse der SPD-K\u00fcstengang, welche sich f\u00fcr die Interessen der Meeresanrainer unter den Bundesl\u00e4ndern einsetzt.<\/p>\n<p>\nWas Seeleute und Hafenbesch\u00e4ftigte f\u00fcr das globale Transportnetz leisteten, blende die Politik oft aus, sagte Organisator Kai Kaschinski von \u00abFair Oceans\u00bb. Obwohl \u00fcber 90 Prozent des internationalen Warenverkehrs \u00fcber die Ozeane und Meere liefen, sei die \u00f6ffentliche Debatte \u00abseeblind\u00bb. Dabei bef\u00e4nde sich eine der zehn gr\u00f6\u00dften Handelsflotten der Welt sich in deutschem Besitz. Ohne maritime Logistik w\u00e4ren die deutschen Erfolge in der Exportwirtschaft nicht zu erzielen.<\/p>\n<p>\nDie Diskussion findet im Vorfeld der Nationalen Maritime Konferenz am 14. und 15. September in Bremen statt. Zu der von der Bundesregierung veranstalteten Tagung werden etwa 800 Teilnehmer erwartet.<\/p>\n<p>Kirche-Oldenburg<br \/>\n<a href=\"https:\/\/www.kirche-oldenburg.de\/\/aktuell\/news-niedersachsen\/artikel\/experten-diskutieren-ueber-schifffahrt-seeleute-und-haefen\" target=\"_blank\" rel=\"noopener\">Experten diskutieren \u00fcber Schifffahrt, Seeleute und H\u00e4fen<\/a><\/p>\n","protected":false},"excerpt":{"rendered":"<p>Bremen (epd). Die Seeschifffahrt als vernachl\u00e4ssigte umwelt- und entwicklungspolitische Dimension der globalen Lieferketten ist das Thema einer hochrangig besetzten Podiumsdiskussion am 7. September ab 19 Uhr im Bremer \u00dcbersee-Museum. Wie die Bremer Initiative \u00abFair Oceans\u00bb am Sonntag mitteilte, beteiligen sich daran der Koordinator der Bundesregierung f\u00fcr die maritime Wirtschaft und Tourismus, Dieter Janecek (Gr\u00fcne), der Gesch\u00e4ftsf\u00fchrer der Deutschen Seemannsmission, Matthias Ristau, sowie der Bremerhavener Bundestagsabgeordnete Uwe Schmidt (SPD). Schmidt ist zugleich Lotse der SPD-K\u00fcstengang, welche sich f\u00fcr die Interessen der Meeresanrainer unter den Bundesl\u00e4ndern einsetzt. Was Seeleute und Hafenbesch\u00e4ftigte f\u00fcr das globale Transportnetz leisteten, blende die Politik oft aus, sagte&#8230;<\/p>\n","protected":false},"author":7,"featured_media":0,"comment_status":"false","ping_status":"open","sticky":false,"template":"","format":"standard","meta":{"footnotes":""},"categories":[43],"tags":[44],"class_list":["post-24821","post","type-post","status-publish","format-standard","hentry","category-kirche-oldenburg","tag-kirche-oldenburg"],"_links":{"self":[{"href":"https:\/\/christusnews.de\/site\/wp-json\/wp\/v2\/posts\/24821","targetHints":{"allow":["GET"]}}],"collection":[{"href":"https:\/\/christusnews.de\/site\/wp-json\/wp\/v2\/posts"}],"about":[{"href":"https:\/\/christusnews.de\/site\/wp-json\/wp\/v2\/types\/post"}],"author":[{"embeddable":true,"href":"https:\/\/christusnews.de\/site\/wp-json\/wp\/v2\/users\/7"}],"replies":[{"embeddable":true,"href":"https:\/\/christusnews.de\/site\/wp-json\/wp\/v2\/comments?post=24821"}],"version-history":[{"count":1,"href":"https:\/\/christusnews.de\/site\/wp-json\/wp\/v2\/posts\/24821\/revisions"}],"predecessor-version":[{"id":24822,"href":"https:\/\/christusnews.de\/site\/wp-json\/wp\/v2\/posts\/24821\/revisions\/24822"}],"wp:attachment":[{"href":"https:\/\/christusnews.de\/site\/wp-json\/wp\/v2\/media?parent=24821"}],"wp:term":[{"taxonomy":"category","embeddable":true,"href":"https:\/\/christusnews.de\/site\/wp-json\/wp\/v2\/categories?post=24821"},{"taxonomy":"post_tag","embeddable":true,"href":"https:\/\/christusnews.de\/site\/wp-json\/wp\/v2\/tags?post=24821"}],"curies":[{"name":"wp","href":"https:\/\/api.w.org\/{rel}","templated":true}]}}