{"id":24823,"date":"2023-08-12T12:24:00","date_gmt":"2023-08-12T10:24:00","guid":{"rendered":"https:\/\/christusnews.de\/site\/opferverband-warnt-vor-ritualisierung-des-mauergedenkens\/"},"modified":"2023-08-14T23:18:01","modified_gmt":"2023-08-14T21:18:01","slug":"opferverband-warnt-vor-ritualisierung-des-mauergedenkens","status":"publish","type":"post","link":"https:\/\/christusnews.de\/site\/opferverband-warnt-vor-ritualisierung-des-mauergedenkens\/","title":{"rendered":"Opferverband warnt vor Ritualisierung des Mauergedenkens"},"content":{"rendered":"<p>Hannover\/Berlin (epd). Opfervertreter haben zum 62. Jahrestag des Mauerbaus vor einer Ritualisierung des Gedenkens gewarnt. Der Vorsitzende der Union der Opferverb\u00e4nde Kommunistischer Gewaltherrschaft (UOKG) mit Sitz in Berlin, Dieter Dombrowski, sagte dem \u00abRedaktionsnetzwerk Deutschland\u00bb (Samstag), das Gedenken an die Mauertoten und die Verbrechen der SED-Diktatur m\u00fcssten als Erinnerung und Mahnung wachgehalten und auch vermittelt werden. Dombrowski f\u00fcgte hinzu: \u00abDie Gefahr der Ritualisierung besteht bei jedem Gedenktag.\u00bb<\/p>\n<p>\nDie Besonderheit des Gedenktages 13. August bestehe darin, dass viele Menschen immer noch unter den Folgen der SED-Diktatur litten. Mit Blick auf die Errichtung neuer Grenzanlagen in Europa sagte der Vorsitzende der Union der Opferverb\u00e4nde Kommunistischer Gewaltherrschaft: \u00abAuf der einen Seite legen wir Kr\u00e4nze nieder, auf der anderen Seite tun wir so, als w\u00fcrden Mauern Menschen von der Flucht abhalten k\u00f6nnen. Das ist nicht so.\u00bb Dies gelte ungeachtet der Tatsache, dass man die Berliner Mauer nicht mit heutigen Grenzanlagen vergleichen k\u00f6nne.<\/p>\n<p>\nDie SED-Opferbeauftragte des Bundestages, Evelyn Zupke, sagte dem RND, an der Berliner Mauer h\u00e4tten sich viele Wege getrennt, f\u00fcr Paare, Familien oder Freunde. Sie betonte: \u00abDie Mauer war eben nicht nur ein Riss durch diese Stadt. Und die innerdeutsche Grenze war nicht nur ein Riss durch unser Land. Mauer und Grenze waren ein Riss durch die Gesellschaft.\u00bb<\/p>\n<p>\nAm 13. August 1961 riegelte die DDR die Grenze zu West-Berlin ab. In den folgenden 28 Jahren bis zum Fall der Mauer 1989 starben mindestens 140 Menschen nach Fluchtversuchen oder bei anderen Zwischenf\u00e4llen an den Sperranlagen.<br \/>\n&nbsp;<\/p>\n<p>Kirche-Oldenburg<br \/>\n<a href=\"https:\/\/www.kirche-oldenburg.de\/\/aktuell\/news-niedersachsen\/artikel\/opferverband-warnt-vor-ritualisierung-des-mauergedenkens\" target=\"_blank\" rel=\"noopener\">Opferverband warnt vor Ritualisierung des Mauergedenkens<\/a><\/p>\n","protected":false},"excerpt":{"rendered":"<p>Hannover\/Berlin (epd). Opfervertreter haben zum 62. Jahrestag des Mauerbaus vor einer Ritualisierung des Gedenkens gewarnt. Der Vorsitzende der Union der Opferverb\u00e4nde Kommunistischer Gewaltherrschaft (UOKG) mit Sitz in Berlin, Dieter Dombrowski, sagte dem \u00abRedaktionsnetzwerk Deutschland\u00bb (Samstag), das Gedenken an die Mauertoten und die Verbrechen der SED-Diktatur m\u00fcssten als Erinnerung und Mahnung wachgehalten und auch vermittelt werden. Dombrowski f\u00fcgte hinzu: \u00abDie Gefahr der Ritualisierung besteht bei jedem Gedenktag.\u00bb Die Besonderheit des Gedenktages 13. August bestehe darin, dass viele Menschen immer noch unter den Folgen der SED-Diktatur litten. Mit Blick auf die Errichtung neuer Grenzanlagen in Europa sagte der Vorsitzende der Union der&#8230;<\/p>\n","protected":false},"author":7,"featured_media":0,"comment_status":"false","ping_status":"open","sticky":false,"template":"","format":"standard","meta":{"footnotes":""},"categories":[43],"tags":[44],"class_list":["post-24823","post","type-post","status-publish","format-standard","hentry","category-kirche-oldenburg","tag-kirche-oldenburg"],"_links":{"self":[{"href":"https:\/\/christusnews.de\/site\/wp-json\/wp\/v2\/posts\/24823","targetHints":{"allow":["GET"]}}],"collection":[{"href":"https:\/\/christusnews.de\/site\/wp-json\/wp\/v2\/posts"}],"about":[{"href":"https:\/\/christusnews.de\/site\/wp-json\/wp\/v2\/types\/post"}],"author":[{"embeddable":true,"href":"https:\/\/christusnews.de\/site\/wp-json\/wp\/v2\/users\/7"}],"replies":[{"embeddable":true,"href":"https:\/\/christusnews.de\/site\/wp-json\/wp\/v2\/comments?post=24823"}],"version-history":[{"count":1,"href":"https:\/\/christusnews.de\/site\/wp-json\/wp\/v2\/posts\/24823\/revisions"}],"predecessor-version":[{"id":24824,"href":"https:\/\/christusnews.de\/site\/wp-json\/wp\/v2\/posts\/24823\/revisions\/24824"}],"wp:attachment":[{"href":"https:\/\/christusnews.de\/site\/wp-json\/wp\/v2\/media?parent=24823"}],"wp:term":[{"taxonomy":"category","embeddable":true,"href":"https:\/\/christusnews.de\/site\/wp-json\/wp\/v2\/categories?post=24823"},{"taxonomy":"post_tag","embeddable":true,"href":"https:\/\/christusnews.de\/site\/wp-json\/wp\/v2\/tags?post=24823"}],"curies":[{"name":"wp","href":"https:\/\/api.w.org\/{rel}","templated":true}]}}