{"id":24825,"date":"2023-08-12T12:15:00","date_gmt":"2023-08-12T10:15:00","guid":{"rendered":"https:\/\/christusnews.de\/site\/dgb-mahnt-rasche-einigung-bei-kindergrundsicherung-an\/"},"modified":"2023-08-14T23:18:02","modified_gmt":"2023-08-14T21:18:02","slug":"dgb-mahnt-rasche-einigung-bei-kindergrundsicherung-an","status":"publish","type":"post","link":"https:\/\/christusnews.de\/site\/dgb-mahnt-rasche-einigung-bei-kindergrundsicherung-an\/","title":{"rendered":"DGB mahnt rasche Einigung bei Kindergrundsicherung an"},"content":{"rendered":"<p>Berlin (epd). Der Deutsche Gewerkschaftsbund (DGB) dringt auf eine rasche Einigung der Ampel-Koalition im Streit \u00fcber die Kindergrundsicherung. Bundesfinanzminister Christian Lindner (FDP) d\u00fcrfe einer Einigung nicht l\u00e4nger im Weg stehen, sagte DGB-Vorstandsmitglied Anja Piel dem \u00abRedaktionsNetzwerk Deutschland\u00bb (RND, Samstag). Doch auch die anderen Regierungsparteien seien \u00abdaf\u00fcr verantwortlich, dass jetzt aus einem guten Plan ein gutes Gesetz wird, eines, das f\u00fcr alle Kinder mehr Chancen schafft\u00bb.<\/p>\n<p>\nDie Kindergrundsicherung soll 2025 eingef\u00fchrt werden. Bundesfamilienministerin Lisa Paus (Gr\u00fcne) und Bundeskanzler Olaf Scholz (SPD) haben einen Gesetzentwurf f\u00fcr Ende August angek\u00fcndigt. Bis dahin m\u00fcsste auch der Streit \u00fcber die Finanzierung und Leistungsausweitungen zwischen den Gr\u00fcnen und Finanzminister Lindner beigelegt werden. Zuletzt hatte Paus j\u00e4hrlich zwei bis sieben Milliarden Euro f\u00fcr das Vorhaben veranschlagt.<\/p>\n<p>\nDer Sozialverband VdK h\u00e4lt bis zu 24 Milliarden Euro zur Umsetzung der Kindergrundsicherung f\u00fcr notwendig. Das halte ich f\u00fcr einen guten, finanziellen Rahmen, um eine echte Kindergrundsicherung umzusetzen, sagte VdK-Pr\u00e4sidentin Verena Bentele dem RND. \u00abZur Gegenfinanzierung k\u00f6nnte die Ampel gro\u00dfes Verm\u00f6gen und Erbschaften h\u00f6her besteuern.\u00bb<\/p>\n<p>\nBei der Kindergrundsicherung ist geplant, das Kindergeld, das B\u00fcrgergeld f\u00fcr Kinder, den Kinderzuschlag und m\u00f6glicherweise auch Leistungen f\u00fcr Bildung und Teilnahme an Freizeitaktivit\u00e4ten zusammenzufassen. Ziel ist, alle berechtigten Familien zu erreichen und mehr armutsgef\u00e4hrdete Kinder zu unterst\u00fctzen. Die Beantragung und Auszahlung soll vereinfacht und digitalisiert werden.<\/p>\n<p>Kirche-Oldenburg<br \/>\n<a href=\"https:\/\/www.kirche-oldenburg.de\/\/aktuell\/news-niedersachsen\/artikel\/dgb-mahnt-rasche-einigung-bei-kindergrundsicherung-an\" target=\"_blank\" rel=\"noopener\">DGB mahnt rasche Einigung bei Kindergrundsicherung an<\/a><\/p>\n","protected":false},"excerpt":{"rendered":"<p>Berlin (epd). Der Deutsche Gewerkschaftsbund (DGB) dringt auf eine rasche Einigung der Ampel-Koalition im Streit \u00fcber die Kindergrundsicherung. Bundesfinanzminister Christian Lindner (FDP) d\u00fcrfe einer Einigung nicht l\u00e4nger im Weg stehen, sagte DGB-Vorstandsmitglied Anja Piel dem \u00abRedaktionsNetzwerk Deutschland\u00bb (RND, Samstag). Doch auch die anderen Regierungsparteien seien \u00abdaf\u00fcr verantwortlich, dass jetzt aus einem guten Plan ein gutes Gesetz wird, eines, das f\u00fcr alle Kinder mehr Chancen schafft\u00bb. Die Kindergrundsicherung soll 2025 eingef\u00fchrt werden. Bundesfamilienministerin Lisa Paus (Gr\u00fcne) und Bundeskanzler Olaf Scholz (SPD) haben einen Gesetzentwurf f\u00fcr Ende August angek\u00fcndigt. Bis dahin m\u00fcsste auch der Streit \u00fcber die Finanzierung und Leistungsausweitungen zwischen den&#8230;<\/p>\n","protected":false},"author":7,"featured_media":0,"comment_status":"false","ping_status":"open","sticky":false,"template":"","format":"standard","meta":{"footnotes":""},"categories":[43],"tags":[44],"class_list":["post-24825","post","type-post","status-publish","format-standard","hentry","category-kirche-oldenburg","tag-kirche-oldenburg"],"_links":{"self":[{"href":"https:\/\/christusnews.de\/site\/wp-json\/wp\/v2\/posts\/24825","targetHints":{"allow":["GET"]}}],"collection":[{"href":"https:\/\/christusnews.de\/site\/wp-json\/wp\/v2\/posts"}],"about":[{"href":"https:\/\/christusnews.de\/site\/wp-json\/wp\/v2\/types\/post"}],"author":[{"embeddable":true,"href":"https:\/\/christusnews.de\/site\/wp-json\/wp\/v2\/users\/7"}],"replies":[{"embeddable":true,"href":"https:\/\/christusnews.de\/site\/wp-json\/wp\/v2\/comments?post=24825"}],"version-history":[{"count":1,"href":"https:\/\/christusnews.de\/site\/wp-json\/wp\/v2\/posts\/24825\/revisions"}],"predecessor-version":[{"id":24826,"href":"https:\/\/christusnews.de\/site\/wp-json\/wp\/v2\/posts\/24825\/revisions\/24826"}],"wp:attachment":[{"href":"https:\/\/christusnews.de\/site\/wp-json\/wp\/v2\/media?parent=24825"}],"wp:term":[{"taxonomy":"category","embeddable":true,"href":"https:\/\/christusnews.de\/site\/wp-json\/wp\/v2\/categories?post=24825"},{"taxonomy":"post_tag","embeddable":true,"href":"https:\/\/christusnews.de\/site\/wp-json\/wp\/v2\/tags?post=24825"}],"curies":[{"name":"wp","href":"https:\/\/api.w.org\/{rel}","templated":true}]}}