{"id":24831,"date":"2023-08-15T09:22:00","date_gmt":"2023-08-15T07:22:00","guid":{"rendered":"https:\/\/christusnews.de\/site\/was-befluegelt-dich\/"},"modified":"2023-08-15T11:17:20","modified_gmt":"2023-08-15T09:17:20","slug":"was-befluegelt-dich","status":"publish","type":"post","link":"https:\/\/christusnews.de\/site\/was-befluegelt-dich\/","title":{"rendered":"\u201eWas befl\u00fcgelt dich?\u201c"},"content":{"rendered":"<p>\u201eEs gibt so viele Dinge, von denen wir uns befl\u00fcgeln lassen k\u00f6nnen\u201c, betont Pfarrer i.R. Dietrich Jaedicke, der mit seinem Team etliche Aktionen f\u00fcr die Landwirtschaftsmesse LandTageNord in W\u00fcstung bei Oldenburg vorbereitet hat. Zum zehnten Mal wird das Kirchenzelt der Ev.-Luth. Kirche in Oldenburg auf der Landwirtschaftsmesse LandTageNord vom 18. bis 21. August pr\u00e4sent sein. Es wird gemeinsam mit ehren- und hauptamtlich Mitarbeitenden aus den Ev.-luth. Kirchenkreisen Delmenhorst\/Oldenburg Land und der Wesermarsch sowie aus der Stabsstelle f\u00fcr Presse- und \u00d6ffentlichkeitsarbeit der oldenburgischen Kirche gestaltet.<br \/>\n&nbsp;&nbsp;<br \/>\nPfarrer Jaedicke aus Gro\u00dfenkneten ist Projektleiter f\u00fcr das Kirchenzelt. Er &nbsp;freut sich auf die geplanten kirchlichen Aktionen. \u201eIn diesem Jahr m\u00f6chten wir mit den Besucherinnen und Besuchern ins Gespr\u00e4ch kommen unter dem Motto: \u201aWas befl\u00fcgelt dich? \u2018. Als Gespr\u00e4chs-Einstieg hat uns der Oldenburger K\u00fcnstler Richard Grunwald wieder eine Postkarte mit Zeichnungen verschiedenster Fl\u00fcgel gestaltet. Lassen Sie sich \u00fcberraschen.\u201c&nbsp;<br \/>\n&nbsp; &nbsp;<br \/>\nErstmalig in die Planung des Kirchenzeltes ist in diesem Jahr Christiane Geerken-Thomas, Kreispfarrerin des Kirchenkreises Wesermarsch, eingestiegen. \u201eDie Landtage sind ein Beispiel daf\u00fcr, dass wir als Kirche zu den Menschen gehen. Wir haben ja etwas weiterzugeben, was gerade in diesen verunsichernden Zeiten guttut. Wir geben die Gute Nachricht weiter, die uns befl\u00fcgelt: das ist der Glaube an Gott, der uns Menschen begleitet, uns ermutigt und immer wieder neue Kr\u00e4fte und die Hoffnung auf Zukunft gibt.\u201c<br \/>\n&nbsp; &nbsp;<br \/>\n<strong>Aktionen rund um Fl\u00fcgel<\/strong><br \/>\nIm Kirchenzelt haben Interessierte dann die M\u00f6glichkeit, sich vor einer gro\u00dfen Bildwand mit Engelsfl\u00fcgeln fotografieren zu lassen. F\u00fcr die Fotoaktion steht eine Fotobox zur Verf\u00fcgung, mit der auch Ausdrucke m\u00f6glich sind. Viele werden aber auch das Smartphone z\u00fccken und die Fotos in den Sozialen Netzwerken posten. Dar\u00fcber hinaus k\u00f6nnen verschiedene Fl\u00fcgel selber ausprobiert werden, die Jugenddiakonin Sandra Bohlken aus der Wesermarsch mitbringen wird. Damit k\u00f6nnen Kinder und Erwachsene am eigenen K\u00f6rper erleben, wie es ist, wenn man sich befl\u00fcgeln l\u00e4sst.<br \/>\n&nbsp; &nbsp;<br \/>\n<strong>Bew\u00e4hrte Angebote&nbsp;<\/strong><br \/>\nWie gewohnt stehen im Kirchenzelt Mitarbeitende, Pastorinnen und Pastoren sowie Ehrenamtliche f\u00fcr Begegnung und Gespr\u00e4chen rund um unsere Kirche zur Verf\u00fcgung. Und selbstverst\u00e4ndlich ist der beliebte Kirchturm zum Ziehen von Segensspr\u00fcchen auch wieder mit dabei.&nbsp;<br \/>\n&nbsp; &nbsp;<br \/>\nAn&nbsp;allen Messetagen werden unter dem Motto \u201eEenfach mol toh\u00f6ren \u2013 Punkt 12 im Kirchenzelt\u201c mittags um 12 Uhr Andachten gefeiert, die von Posaunench\u00f6ren aus der Region begleitet werden. Am Sonntag, 20. August, und am Montag, 21. August, werden die Andachten in plattdeutscher Sprache gehalten. Das wird besonders gern von vielen Menschen aus dem l\u00e4ndlichen Bereich wahrgenommen.&nbsp;<\/p>\n<p>Kirche-Oldenburg<br \/>\n<a href=\"https:\/\/www.kirche-oldenburg.de\/\/aktuell\/pressemitteilungen\/artikel\/was-befluegelt-dich\" target=\"_blank\" rel=\"noopener\">\u201eWas befl\u00fcgelt dich?\u201c<\/a><\/p>\n","protected":false},"excerpt":{"rendered":"<p>\u201eEs gibt so viele Dinge, von denen wir uns befl\u00fcgeln lassen k\u00f6nnen\u201c, betont Pfarrer i.R. Dietrich Jaedicke, der mit seinem Team etliche Aktionen f\u00fcr die Landwirtschaftsmesse LandTageNord in W\u00fcstung bei Oldenburg vorbereitet hat. Zum zehnten Mal wird das Kirchenzelt der Ev.-Luth. Kirche in Oldenburg auf der Landwirtschaftsmesse LandTageNord vom 18. bis 21. August pr\u00e4sent sein. Es wird gemeinsam mit ehren- und hauptamtlich Mitarbeitenden aus den Ev.-luth. Kirchenkreisen Delmenhorst\/Oldenburg Land und der Wesermarsch sowie aus der Stabsstelle f\u00fcr Presse- und \u00d6ffentlichkeitsarbeit der oldenburgischen Kirche gestaltet. &nbsp;&nbsp; Pfarrer Jaedicke aus Gro\u00dfenkneten ist Projektleiter f\u00fcr das Kirchenzelt. Er &nbsp;freut sich auf die geplanten&#8230;<\/p>\n","protected":false},"author":7,"featured_media":0,"comment_status":"false","ping_status":"open","sticky":false,"template":"","format":"standard","meta":{"footnotes":""},"categories":[43],"tags":[44],"class_list":["post-24831","post","type-post","status-publish","format-standard","hentry","category-kirche-oldenburg","tag-kirche-oldenburg"],"_links":{"self":[{"href":"https:\/\/christusnews.de\/site\/wp-json\/wp\/v2\/posts\/24831","targetHints":{"allow":["GET"]}}],"collection":[{"href":"https:\/\/christusnews.de\/site\/wp-json\/wp\/v2\/posts"}],"about":[{"href":"https:\/\/christusnews.de\/site\/wp-json\/wp\/v2\/types\/post"}],"author":[{"embeddable":true,"href":"https:\/\/christusnews.de\/site\/wp-json\/wp\/v2\/users\/7"}],"replies":[{"embeddable":true,"href":"https:\/\/christusnews.de\/site\/wp-json\/wp\/v2\/comments?post=24831"}],"version-history":[{"count":1,"href":"https:\/\/christusnews.de\/site\/wp-json\/wp\/v2\/posts\/24831\/revisions"}],"predecessor-version":[{"id":24832,"href":"https:\/\/christusnews.de\/site\/wp-json\/wp\/v2\/posts\/24831\/revisions\/24832"}],"wp:attachment":[{"href":"https:\/\/christusnews.de\/site\/wp-json\/wp\/v2\/media?parent=24831"}],"wp:term":[{"taxonomy":"category","embeddable":true,"href":"https:\/\/christusnews.de\/site\/wp-json\/wp\/v2\/categories?post=24831"},{"taxonomy":"post_tag","embeddable":true,"href":"https:\/\/christusnews.de\/site\/wp-json\/wp\/v2\/tags?post=24831"}],"curies":[{"name":"wp","href":"https:\/\/api.w.org\/{rel}","templated":true}]}}