{"id":24833,"date":"2023-08-14T09:28:00","date_gmt":"2023-08-14T07:28:00","guid":{"rendered":"https:\/\/christusnews.de\/site\/verband-beklagt-zu-wenig-lehrkraefte-fuer-den-unterricht\/"},"modified":"2023-08-15T11:17:20","modified_gmt":"2023-08-15T09:17:20","slug":"verband-beklagt-zu-wenig-lehrkraefte-fuer-den-unterricht","status":"publish","type":"post","link":"https:\/\/christusnews.de\/site\/verband-beklagt-zu-wenig-lehrkraefte-fuer-den-unterricht\/","title":{"rendered":"Verband beklagt zu wenig Lehrkr\u00e4fte f\u00fcr den Unterricht"},"content":{"rendered":"<p>Hannover (epd). Der Verband Nieders\u00e4chsischer Lehrkr\u00e4fte hat zum Beginn des neuen Schuljahres am Donnerstag (17. August) einen \u00abeklatanten Mangel an Lehrkr\u00e4ften und Unterst\u00fctzungspersonal\u00bb in den Schulen beklagt. Kultusministerin Julia Willie Hamburg (Gr\u00fcne) habe es nicht geschafft, zum neuen Schuljahr alle ausgeschriebenen Lehrkr\u00e4ftestellen zu besetzen, kritisierte der Verbandsvorsitzende Torsten Neumann am Montag in Hannover. Dies werde zu einer nicht hinnehmbaren Belastung f\u00fcr alle f\u00fchren. Der Ausfall vieler Unterrichtsstunden sei schon zu einem Normalzustand geworden.<\/p>\n<p>\nBisher sind laut Neumann nur rund 80 Prozent der ausgeschriebenen Stellen besetzt worden. Insbesondere die nicht-gymnasialen Schulformen sowie die l\u00e4ndlichen Regionen verzeichneten nur geringe Einstellungsquoten. Er warnte vor weiteren Unruhen an den Schulen. Wenig hilfreich sei auch das seit Jahren praktizierte Abordnungskarussell: Dabei ordne das Kulturministerium oft erst kurz vor dem Schuljahresbeginn Lehrkr\u00e4fte von weiterf\u00fchrenden Schulen &#8211; etwa von einem Gymnasium an eine Oberschule &#8211; ab. Dies sei eine zus\u00e4tzliche Belastung f\u00fcr die Schulen und h\u00e4ufig lediglich ein Notbehelf.<\/p>\n<p>\nNeumann appellierte an Kultusministerin Hamburg, die Digitalisierung in den Schulen st\u00e4rker voranzutreiben: \u00abWir k\u00f6nnen jetzt trotz gro\u00dfer Personalsorgen keinen Stillstand bei der Digitalisierung gebrauchen, weder f\u00fcr unsere Sch\u00fclerinnen und Sch\u00fcler noch f\u00fcr unsere Lehrkr\u00e4fte.\u00bb<\/p>\n<p>Kirche-Oldenburg<br \/>\n<a href=\"https:\/\/www.kirche-oldenburg.de\/\/aktuell\/news-niedersachsen\/artikel\/verband-beklagt-zu-wenig-lehrkraefte-fuer-den-unterricht\" target=\"_blank\" rel=\"noopener\">Verband beklagt zu wenig Lehrkr\u00e4fte f\u00fcr den Unterricht<\/a><\/p>\n","protected":false},"excerpt":{"rendered":"<p>Hannover (epd). Der Verband Nieders\u00e4chsischer Lehrkr\u00e4fte hat zum Beginn des neuen Schuljahres am Donnerstag (17. August) einen \u00abeklatanten Mangel an Lehrkr\u00e4ften und Unterst\u00fctzungspersonal\u00bb in den Schulen beklagt. Kultusministerin Julia Willie Hamburg (Gr\u00fcne) habe es nicht geschafft, zum neuen Schuljahr alle ausgeschriebenen Lehrkr\u00e4ftestellen zu besetzen, kritisierte der Verbandsvorsitzende Torsten Neumann am Montag in Hannover. Dies werde zu einer nicht hinnehmbaren Belastung f\u00fcr alle f\u00fchren. Der Ausfall vieler Unterrichtsstunden sei schon zu einem Normalzustand geworden. Bisher sind laut Neumann nur rund 80 Prozent der ausgeschriebenen Stellen besetzt worden. Insbesondere die nicht-gymnasialen Schulformen sowie die l\u00e4ndlichen Regionen verzeichneten nur geringe Einstellungsquoten. Er warnte&#8230;<\/p>\n","protected":false},"author":7,"featured_media":0,"comment_status":"false","ping_status":"open","sticky":false,"template":"","format":"standard","meta":{"footnotes":""},"categories":[43],"tags":[44],"class_list":["post-24833","post","type-post","status-publish","format-standard","hentry","category-kirche-oldenburg","tag-kirche-oldenburg"],"_links":{"self":[{"href":"https:\/\/christusnews.de\/site\/wp-json\/wp\/v2\/posts\/24833","targetHints":{"allow":["GET"]}}],"collection":[{"href":"https:\/\/christusnews.de\/site\/wp-json\/wp\/v2\/posts"}],"about":[{"href":"https:\/\/christusnews.de\/site\/wp-json\/wp\/v2\/types\/post"}],"author":[{"embeddable":true,"href":"https:\/\/christusnews.de\/site\/wp-json\/wp\/v2\/users\/7"}],"replies":[{"embeddable":true,"href":"https:\/\/christusnews.de\/site\/wp-json\/wp\/v2\/comments?post=24833"}],"version-history":[{"count":1,"href":"https:\/\/christusnews.de\/site\/wp-json\/wp\/v2\/posts\/24833\/revisions"}],"predecessor-version":[{"id":24834,"href":"https:\/\/christusnews.de\/site\/wp-json\/wp\/v2\/posts\/24833\/revisions\/24834"}],"wp:attachment":[{"href":"https:\/\/christusnews.de\/site\/wp-json\/wp\/v2\/media?parent=24833"}],"wp:term":[{"taxonomy":"category","embeddable":true,"href":"https:\/\/christusnews.de\/site\/wp-json\/wp\/v2\/categories?post=24833"},{"taxonomy":"post_tag","embeddable":true,"href":"https:\/\/christusnews.de\/site\/wp-json\/wp\/v2\/tags?post=24833"}],"curies":[{"name":"wp","href":"https:\/\/api.w.org\/{rel}","templated":true}]}}