{"id":24839,"date":"2023-08-15T16:10:51","date_gmt":"2023-08-15T14:10:51","guid":{"rendered":"https:\/\/christusnews.de\/site\/noch-einmal-nachtoeffnung-in-der-lambertikirche\/"},"modified":"2023-08-15T23:17:28","modified_gmt":"2023-08-15T21:17:28","slug":"noch-einmal-nachtoeffnung-in-der-lambertikirche","status":"publish","type":"post","link":"https:\/\/christusnews.de\/site\/noch-einmal-nachtoeffnung-in-der-lambertikirche\/","title":{"rendered":"Noch einmal Nacht\u00f6ffnung in der Lambertikirche"},"content":{"rendered":"<p>Im Rahmen der Ausstellung \u201eMars findet Stadt\u201c haben am vergangenen Sonnabend in nur anderthalb Stunden \u00fcber 300 Menschen das gro\u00dfe Mars-Modell in der Oldenburger St.-Lamberti-Kirche angeschaut. Auf Grund der gro\u00dfen Resonanz hat sich die Kirchengemeinde entschlossen, diese M\u00f6glichkeit noch einmal zu er\u00f6ffnen.&nbsp;<br \/>\n&nbsp; &nbsp;<br \/>\nAm kommenden Sonnabend, dem 19. August wird es noch einmal die M\u00f6glichkeit geben den leuchtenden Mars in der dunklen Kirche zu erleben. Von 20.30 bis 23 Uhr ist die Kirche mit dem Mars-Modell ge\u00f6ffnet. Am Sonntag, dem 20. August ist dann der Abschied vom Mars-Modell mit dem Gottesdienst \u201eSteht die Zukunft in den Sternen?\u201c mit Pastor Tom Brok um 10 Uhr morgens in St. Lamberti. Das Mars-Modell wandert dann weiter nach Bremen. &nbsp;<\/p>\n<p>Kirche-Oldenburg<br \/>\n<a href=\"https:\/\/www.kirche-oldenburg.de\/\/aktuell\/aus-den-kirchenkreisen\/artikel\/noch-einmal-nachtoeffnung-in-der-lambertikirche\" target=\"_blank\" rel=\"noopener\">Noch einmal Nacht\u00f6ffnung in der Lambertikirche<\/a><\/p>\n","protected":false},"excerpt":{"rendered":"<p>Im Rahmen der Ausstellung \u201eMars findet Stadt\u201c haben am vergangenen Sonnabend in nur anderthalb Stunden \u00fcber 300 Menschen das gro\u00dfe Mars-Modell in der Oldenburger St.-Lamberti-Kirche angeschaut. Auf Grund der gro\u00dfen Resonanz hat sich die Kirchengemeinde entschlossen, diese M\u00f6glichkeit noch einmal zu er\u00f6ffnen.&nbsp; &nbsp; &nbsp; Am kommenden Sonnabend, dem 19. August wird es noch einmal die M\u00f6glichkeit geben den leuchtenden Mars in der dunklen Kirche zu erleben. Von 20.30 bis 23 Uhr ist die Kirche mit dem Mars-Modell ge\u00f6ffnet. Am Sonntag, dem 20. August ist dann der Abschied vom Mars-Modell mit dem Gottesdienst \u201eSteht die Zukunft in den Sternen?\u201c mit Pastor&#8230;<\/p>\n","protected":false},"author":7,"featured_media":0,"comment_status":"false","ping_status":"open","sticky":false,"template":"","format":"standard","meta":{"footnotes":""},"categories":[43],"tags":[44],"class_list":["post-24839","post","type-post","status-publish","format-standard","hentry","category-kirche-oldenburg","tag-kirche-oldenburg"],"_links":{"self":[{"href":"https:\/\/christusnews.de\/site\/wp-json\/wp\/v2\/posts\/24839","targetHints":{"allow":["GET"]}}],"collection":[{"href":"https:\/\/christusnews.de\/site\/wp-json\/wp\/v2\/posts"}],"about":[{"href":"https:\/\/christusnews.de\/site\/wp-json\/wp\/v2\/types\/post"}],"author":[{"embeddable":true,"href":"https:\/\/christusnews.de\/site\/wp-json\/wp\/v2\/users\/7"}],"replies":[{"embeddable":true,"href":"https:\/\/christusnews.de\/site\/wp-json\/wp\/v2\/comments?post=24839"}],"version-history":[{"count":1,"href":"https:\/\/christusnews.de\/site\/wp-json\/wp\/v2\/posts\/24839\/revisions"}],"predecessor-version":[{"id":24840,"href":"https:\/\/christusnews.de\/site\/wp-json\/wp\/v2\/posts\/24839\/revisions\/24840"}],"wp:attachment":[{"href":"https:\/\/christusnews.de\/site\/wp-json\/wp\/v2\/media?parent=24839"}],"wp:term":[{"taxonomy":"category","embeddable":true,"href":"https:\/\/christusnews.de\/site\/wp-json\/wp\/v2\/categories?post=24839"},{"taxonomy":"post_tag","embeddable":true,"href":"https:\/\/christusnews.de\/site\/wp-json\/wp\/v2\/tags?post=24839"}],"curies":[{"name":"wp","href":"https:\/\/api.w.org\/{rel}","templated":true}]}}