{"id":24845,"date":"2023-08-15T08:38:00","date_gmt":"2023-08-15T06:38:00","guid":{"rendered":"https:\/\/christusnews.de\/site\/obst-und-gemuese-fuer-niedersachsens-schul-und-kitakinder\/"},"modified":"2023-08-16T11:18:39","modified_gmt":"2023-08-16T09:18:39","slug":"obst-und-gemuese-fuer-niedersachsens-schul-und-kitakinder","status":"publish","type":"post","link":"https:\/\/christusnews.de\/site\/obst-und-gemuese-fuer-niedersachsens-schul-und-kitakinder\/","title":{"rendered":"Obst und Gem\u00fcse f\u00fcr Niedersachsens Schul- und Kitakinder"},"content":{"rendered":"<p>Hannover (epd). In Niedersachsen nehmen so viele Kinder wie bisher noch nie am EU-Schulprogramm f\u00fcr Obst und Gem\u00fcse teil. Eine ausgewogene und gesundheitsf\u00f6rdernde Ern\u00e4hrung sei f\u00fcr die Kinder von gro\u00dfer Bedeutung und eine Extraportion Obst und Gem\u00fcse oder ein Glas Milch geh\u00f6rten unbedingt dazu, sagte Niedersachsens Kultusministerin Julia Willie Hamburg (Gr\u00fcne) am Dienstag in Hannover. Das Programm erreiche landesweit mehr als 220.000 Kinder in Schulen und Kitas.<\/p>\n<p>\nErstmals sei das Angebot auch auf die Klassen f\u00fcnf und sechs der weiterf\u00fchrenden Schulen erweitert worden, hie\u00df es. Das EU-Schulprogramm beinhalte die Komponente \u00abObst und Gem\u00fcse\u00bb, an der im kommenden Schuljahr 1.261 Bildungseinrichtungen teilnehmen. Regional und saisonal erzeugtes Gem\u00fcse und Obst lande so auf den Tellern von 227.000 Kindern. An der Programmkomponente \u00abMilch\u00bb beteiligen sich 1.061 Einrichtungen mit rund 85.000 Kindern.<\/p>\n<p>Kirche-Oldenburg<br \/>\n<a href=\"https:\/\/www.kirche-oldenburg.de\/\/aktuell\/news-niedersachsen\/artikel\/obst-und-gemuese-fuer-niedersachsens-schul-und-kitakinder\" target=\"_blank\" rel=\"noopener\">Obst und Gem\u00fcse f\u00fcr Niedersachsens Schul- und Kitakinder<\/a><\/p>\n","protected":false},"excerpt":{"rendered":"<p>Hannover (epd). In Niedersachsen nehmen so viele Kinder wie bisher noch nie am EU-Schulprogramm f\u00fcr Obst und Gem\u00fcse teil. Eine ausgewogene und gesundheitsf\u00f6rdernde Ern\u00e4hrung sei f\u00fcr die Kinder von gro\u00dfer Bedeutung und eine Extraportion Obst und Gem\u00fcse oder ein Glas Milch geh\u00f6rten unbedingt dazu, sagte Niedersachsens Kultusministerin Julia Willie Hamburg (Gr\u00fcne) am Dienstag in Hannover. Das Programm erreiche landesweit mehr als 220.000 Kinder in Schulen und Kitas. Erstmals sei das Angebot auch auf die Klassen f\u00fcnf und sechs der weiterf\u00fchrenden Schulen erweitert worden, hie\u00df es. Das EU-Schulprogramm beinhalte die Komponente \u00abObst und Gem\u00fcse\u00bb, an der im kommenden Schuljahr 1.261 Bildungseinrichtungen&#8230;<\/p>\n","protected":false},"author":7,"featured_media":0,"comment_status":"false","ping_status":"open","sticky":false,"template":"","format":"standard","meta":{"footnotes":""},"categories":[43],"tags":[44],"class_list":["post-24845","post","type-post","status-publish","format-standard","hentry","category-kirche-oldenburg","tag-kirche-oldenburg"],"_links":{"self":[{"href":"https:\/\/christusnews.de\/site\/wp-json\/wp\/v2\/posts\/24845","targetHints":{"allow":["GET"]}}],"collection":[{"href":"https:\/\/christusnews.de\/site\/wp-json\/wp\/v2\/posts"}],"about":[{"href":"https:\/\/christusnews.de\/site\/wp-json\/wp\/v2\/types\/post"}],"author":[{"embeddable":true,"href":"https:\/\/christusnews.de\/site\/wp-json\/wp\/v2\/users\/7"}],"replies":[{"embeddable":true,"href":"https:\/\/christusnews.de\/site\/wp-json\/wp\/v2\/comments?post=24845"}],"version-history":[{"count":1,"href":"https:\/\/christusnews.de\/site\/wp-json\/wp\/v2\/posts\/24845\/revisions"}],"predecessor-version":[{"id":24846,"href":"https:\/\/christusnews.de\/site\/wp-json\/wp\/v2\/posts\/24845\/revisions\/24846"}],"wp:attachment":[{"href":"https:\/\/christusnews.de\/site\/wp-json\/wp\/v2\/media?parent=24845"}],"wp:term":[{"taxonomy":"category","embeddable":true,"href":"https:\/\/christusnews.de\/site\/wp-json\/wp\/v2\/categories?post=24845"},{"taxonomy":"post_tag","embeddable":true,"href":"https:\/\/christusnews.de\/site\/wp-json\/wp\/v2\/tags?post=24845"}],"curies":[{"name":"wp","href":"https:\/\/api.w.org\/{rel}","templated":true}]}}