{"id":24856,"date":"2023-08-17T20:00:06","date_gmt":"2023-08-17T18:00:06","guid":{"rendered":"https:\/\/christusnews.de\/site\/rueckenwind-von-gott-einschulungsgottesdienste-im-wilhelmshavener-suedosten-in-den-kommenden-tagen-startet-das-neue-schuljahr-fuer-viele-kinder-ist-es-das-erste-mal-die-kirchengemeinden-der-sta\/"},"modified":"2023-08-17T23:19:20","modified_gmt":"2023-08-17T21:19:20","slug":"rueckenwind-von-gott-einschulungsgottesdienste-im-wilhelmshavener-suedosten-in-den-kommenden-tagen-startet-das-neue-schuljahr-fuer-viele-kinder-ist-es-das-erste-mal-die-kirchengemeinden-der-sta","status":"publish","type":"post","link":"https:\/\/christusnews.de\/site\/rueckenwind-von-gott-einschulungsgottesdienste-im-wilhelmshavener-suedosten-in-den-kommenden-tagen-startet-das-neue-schuljahr-fuer-viele-kinder-ist-es-das-erste-mal-die-kirchengemeinden-der-sta\/","title":{"rendered":"R\u00fcckenwind von Gott &#8211; Einschulungsgottesdienste im Wilhelmshavener S\u00fcdosten\n\n \nIn den kommenden Tagen startet das neue Schuljahr. F\u00fcr viele Kinder ist es das erste Mal.\nDie Kirchengemeinden der Stadt begleiten die Kinder und ihre Familien an diesem besonderen Moment.\nIn kurzen, kindgerechten Gottesdiensten mit viel Bewegung wird der Start in den neuen Lebensabschnitt gefeiert.\n\nJedes Kind bekommt Gottes Segen zugesprochen \u2013 R\u00fcckenwind von Gott f\u00fcr alles Neue.\nDie Gemeinden der Havenkirche im Wilhelmshavener S\u00fcdosten laden zu folgenden Gottesdiensten ein:\n\n9 Uhr Christus- und Garnisonkirche: Gottesdienst f\u00fcr die Grundschule Rheinstra\u00dfe\n\n9 Uhr und 11 Uhr St. Peter-Kirche: \u00d6kumenische Gottesdienste f\u00fcr die Grundschule M\u00fchlenweg (zusammen mit der katholischen Gemeinde)\n\n \nAlle Erstkl\u00e4sslerinnen und Erstkl\u00e4ssler mit ihren Familien sind herzlich willkommen. \n\n#schulanfang #einschulung2023 #havenkirche #grundschule"},"content":{"rendered":"<p>R\u00fcckenwind von Gott &#8211; Einschulungsgottesdienste im Wilhelmshavener S\u00fcdosten<\/p>\n<p>In den kommenden Tagen startet das neue Schuljahr. F\u00fcr viele Kinder ist es das erste Mal.<br \/>\nDie Kirchengemeinden der Stadt begleiten die Kinder und ihre Familien an diesem besonderen Moment.<br \/>\nIn kurzen, kindgerechten Gottesdiensten mit viel Bewegung wird der Start in den neuen Lebensabschnitt gefeiert.<\/p>\n<p>Jedes Kind bekommt Gottes Segen zugesprochen \u2013 R\u00fcckenwind von Gott f\u00fcr alles Neue.<br \/>\nDie Gemeinden der Havenkirche im Wilhelmshavener S\u00fcdosten laden zu folgenden Gottesdiensten ein:<\/p>\n<p>9 Uhr Christus- und Garnisonkirche: Gottesdienst f\u00fcr die Grundschule Rheinstra\u00dfe<\/p>\n<p>9 Uhr und 11 Uhr St. Peter-Kirche: \u00d6kumenische Gottesdienste f\u00fcr die Grundschule M\u00fchlenweg (zusammen mit der katholischen Gemeinde)<\/p>\n<p>Alle Erstkl\u00e4sslerinnen und Erstkl\u00e4ssler mit ihren Familien sind herzlich willkommen. <\/p>\n<p>#schulanfang #einschulung2023 #havenkirche #grundschule<br \/>\nHAVENKIRCHE@FB<br \/>\n<a href=\"https:\/\/www.facebook.com\/396185572708352\/posts\/603917141935193\" target=\"_blank\" rel=\"noopener\">R\u00fcckenwind von Gott &#8211; Einschulungsgottesdienste im Wilhelmshavener S\u00fcdosten<\/p>\n<p>In den kommenden Tagen startet das neue Schuljahr. F\u00fcr viele Kinder ist es das erste Mal.<br \/>\nDie Kirchengemeinden der Stadt begleiten die Kinder und ihre Familien an diesem besonderen Moment.<br \/>\nIn kurzen, kindgerechten Gottesdiensten mit viel Bewegung wird der Start in den neuen Lebensabschnitt gefeiert.<\/p>\n<p>Jedes Kind bekommt Gottes Segen zugesprochen \u2013 R\u00fcckenwind von Gott f\u00fcr alles Neue.<br \/>\nDie Gemeinden der Havenkirche im Wilhelmshavener S\u00fcdosten laden zu folgenden Gottesdiensten ein:<\/p>\n<p>9 Uhr Christus- und Garnisonkirche: Gottesdienst f\u00fcr die Grundschule Rheinstra\u00dfe<\/p>\n<p>9 Uhr und 11 Uhr St. Peter-Kirche: \u00d6kumenische Gottesdienste f\u00fcr die Grundschule M\u00fchlenweg (zusammen mit der katholischen Gemeinde)<\/p>\n<p>Alle Erstkl\u00e4sslerinnen und Erstkl\u00e4ssler mit ihren Familien sind herzlich willkommen. <\/p>\n<p>#schulanfang #einschulung2023 #havenkirche #grundschule<\/a><\/p>\n","protected":false},"excerpt":{"rendered":"<p>R\u00fcckenwind von Gott &#8211; Einschulungsgottesdienste im Wilhelmshavener S\u00fcdosten In den kommenden Tagen startet das neue Schuljahr. F\u00fcr viele Kinder ist es das erste Mal. Die Kirchengemeinden der Stadt begleiten die Kinder und ihre Familien an diesem besonderen Moment. In kurzen, kindgerechten Gottesdiensten mit viel Bewegung wird der Start in den neuen Lebensabschnitt gefeiert. Jedes Kind bekommt Gottes Segen zugesprochen \u2013 R\u00fcckenwind von Gott f\u00fcr alles Neue. Die Gemeinden der Havenkirche im Wilhelmshavener S\u00fcdosten laden zu folgenden Gottesdiensten ein: 9 Uhr Christus- und Garnisonkirche: Gottesdienst f\u00fcr die Grundschule Rheinstra\u00dfe 9 Uhr und 11 Uhr St. Peter-Kirche: \u00d6kumenische Gottesdienste f\u00fcr die Grundschule&#8230;<\/p>\n","protected":false},"author":6,"featured_media":0,"comment_status":"false","ping_status":"open","sticky":false,"template":"","format":"standard","meta":{"footnotes":""},"categories":[75],"tags":[76],"class_list":["post-24856","post","type-post","status-publish","format-standard","hentry","category-havenkirche","tag-havenkirche"],"_links":{"self":[{"href":"https:\/\/christusnews.de\/site\/wp-json\/wp\/v2\/posts\/24856","targetHints":{"allow":["GET"]}}],"collection":[{"href":"https:\/\/christusnews.de\/site\/wp-json\/wp\/v2\/posts"}],"about":[{"href":"https:\/\/christusnews.de\/site\/wp-json\/wp\/v2\/types\/post"}],"author":[{"embeddable":true,"href":"https:\/\/christusnews.de\/site\/wp-json\/wp\/v2\/users\/6"}],"replies":[{"embeddable":true,"href":"https:\/\/christusnews.de\/site\/wp-json\/wp\/v2\/comments?post=24856"}],"version-history":[{"count":1,"href":"https:\/\/christusnews.de\/site\/wp-json\/wp\/v2\/posts\/24856\/revisions"}],"predecessor-version":[{"id":24857,"href":"https:\/\/christusnews.de\/site\/wp-json\/wp\/v2\/posts\/24856\/revisions\/24857"}],"wp:attachment":[{"href":"https:\/\/christusnews.de\/site\/wp-json\/wp\/v2\/media?parent=24856"}],"wp:term":[{"taxonomy":"category","embeddable":true,"href":"https:\/\/christusnews.de\/site\/wp-json\/wp\/v2\/categories?post=24856"},{"taxonomy":"post_tag","embeddable":true,"href":"https:\/\/christusnews.de\/site\/wp-json\/wp\/v2\/tags?post=24856"}],"curies":[{"name":"wp","href":"https:\/\/api.w.org\/{rel}","templated":true}]}}