{"id":24865,"date":"2023-08-18T23:48:23","date_gmt":"2023-08-18T21:48:23","guid":{"rendered":"https:\/\/christusnews.de\/site\/gott-verleiht-fluegel\/"},"modified":"2023-08-19T11:18:36","modified_gmt":"2023-08-19T09:18:36","slug":"gott-verleiht-fluegel","status":"publish","type":"post","link":"https:\/\/christusnews.de\/site\/gott-verleiht-fluegel\/","title":{"rendered":"\u201eGott verleiht Fl\u00fcgel\u201c"},"content":{"rendered":"<p>\u201eDie Menschen sind immer wieder erstaunt und \u00fcberrascht, dass Kirche hier auf den LandTagenNord vertreten &nbsp;ist und finden das gut\u201c, berichtete Pfarrer i.R. Dietrich Jaedicke, Projektleiter f\u00fcr das Kirchenzelt. &nbsp;Es mache deutlich, dass sich Kirche eben nicht hinter dicken Kirchenmauern verschlie\u00dfe, sondern auch da zu treffen sei, wo man was erleben k\u00f6nne. \u201eDie Landtage ist eine \u201aErlebWasMesse\u2018, wie sie sich immer nennt.\u201c, betonte Jaedicke. Und Oberkirchenrat Detlef Mucks-B\u00fcker, der am Freitag die Mittagsandacht im Kirchenzelt hielt, erg\u00e4nzte: \u201eWir wollen ja auch eine heilsame Unterbrechung im Leben der Menschen sein.\u201c&nbsp;<br \/>\n&nbsp; &nbsp;<br \/>\nDas diesj\u00e4hrige Motto des Kirchenzeltes lautet: \u201eWas befl\u00fcgelt dich?\u201c. Als Gespr\u00e4chs-Einstieg hatte der Oldenburger K\u00fcnstler Richard Grunwald wieder eine Postkarte mit Zeichnungen verschiedenster Fl\u00fcgel gestaltet. Gleichzeitig gibt es einen gro\u00dfen Garderobenst\u00e4nder mit verschiedenen Fl\u00fcgelmotiven zum Anziehen. Der \u201eFl\u00fcgelverleih\u201c, wie Jugenddiakonin Sandra Bohlken ihn schmunzelnd bezeichnet, verbinde Kirche mit Humor und \u00fcberrasche immer wieder. \u201eIch liebe es, wenn die Leute so v\u00f6llig verst\u00f6rt ins Zelt gucken und fragen \u201aWas geht denn da ab?\u2018\u201c, berichtet sie. &nbsp;\u201eUnd wenn ich frage, \u201a Was befl\u00fcgelt dich?\u2018 finde ich es spannend, was den Menschen als erstes in den Kopf kommt. Man ist so ber\u00fchrend schnell an allen Lebensthemen dran und das sch\u00e4tze ich an dieser Aktion.\u201c &nbsp;<br \/>\n&nbsp; &nbsp;<br \/>\nF\u00fcr Dietrich Jaedicke ist es eine Mut machende Aktion. \u201eDie Menschen blicken sehr sorgenvoll auf die Zukunft, die gro\u00dfen Themen mit Krieg und mit Klimaver\u00e4nderung und was nicht alles ist. Und ich m\u00f6chte ihnen gerne Mut machen. M\u00f6chte ihnen deutlich machen Gott verleiht Fl\u00fcgel. Er gibt uns Mut, weil er eine Zukunft f\u00fcr uns bereitet. Er f\u00fchrt uns letztlich zu einem guten Ziel, erh\u00e4lt und tr\u00e4gt uns. Er birgt uns unter seinen Fl\u00fcgeln. Das m\u00f6chte ich gerne den Menschen hier durch das, was wir hier anbieten, vermitteln.\u201c<br \/>\n&nbsp; &nbsp;<br \/>\nErstmalig in die Planung des Kirchenzeltes ist in diesem Jahr Christiane Geerken-Thomas, Kreispfarrerin des Kirchenkreises Wesermarsch, eingestiegen. Die Wesermarsch sei ja ein l\u00e4ndlich gepr\u00e4gter Kirchenkreis in direkter Nachbarschaft. Und auch das Thema Landwirtschaft sei ein Thema, \u201ewas f\u00fcr uns als Kirche wegen der Nachhaltigkeit interessant ist und wo wir manchmal auch Spannung haben.\u201c Deshalb seien die Landtage &nbsp;ein guter Ort, um miteinander ins Gespr\u00e4ch zu kommen.<br \/>\n&nbsp; &nbsp;<br \/>\nNoch drei weitere Tage dauert die Landtage Messe: Samstag, Sonntag und Montag, kann das Kirchenzelt wieder in der Zeit von 9 bis 18 Uhr besucht werden, B\u00e4nke laden zum Verweilen ein. Wie gewohnt stehen im Kirchenzelt Mitarbeitende, Pastorinnen und Pastoren sowie Ehrenamtliche f\u00fcr Begegnung und Gespr\u00e4chen rund um die Kirche zur Verf\u00fcgung. Und selbstverst\u00e4ndlich ist der beliebte Kirchturm zum Ziehen von Segensspr\u00fcchen auch wieder mit dabei.&nbsp;<br \/>\n&nbsp; &nbsp;<br \/>\nAn allen Messetagen werden unter dem Motto \u201eEenfach mol toh\u00f6ren \u2013 Punkt 12 im Kirchenzelt\u201c mittags um 12 Uhr Andachten gefeiert, die von Posaunench\u00f6ren aus der Region begleitet werden. Am Sonntag, 20. August, und am Montag, 21. August, werden die Andachten in plattdeutscher Sprache gehalten. Das wird besonders gern von vielen Menschen aus dem l\u00e4ndlichen Bereich wahrgenommen.&nbsp;<\/p>\n<p>Kirche-Oldenburg<br \/>\n<a href=\"https:\/\/www.kirche-oldenburg.de\/\/aktuell\/pressemitteilungen\/artikel\/gott-verleiht-fluegel\" target=\"_blank\" rel=\"noopener\">\u201eGott verleiht Fl\u00fcgel\u201c<\/a><\/p>\n","protected":false},"excerpt":{"rendered":"<p>\u201eDie Menschen sind immer wieder erstaunt und \u00fcberrascht, dass Kirche hier auf den LandTagenNord vertreten &nbsp;ist und finden das gut\u201c, berichtete Pfarrer i.R. Dietrich Jaedicke, Projektleiter f\u00fcr das Kirchenzelt. &nbsp;Es mache deutlich, dass sich Kirche eben nicht hinter dicken Kirchenmauern verschlie\u00dfe, sondern auch da zu treffen sei, wo man was erleben k\u00f6nne. \u201eDie Landtage ist eine \u201aErlebWasMesse\u2018, wie sie sich immer nennt.\u201c, betonte Jaedicke. Und Oberkirchenrat Detlef Mucks-B\u00fcker, der am Freitag die Mittagsandacht im Kirchenzelt hielt, erg\u00e4nzte: \u201eWir wollen ja auch eine heilsame Unterbrechung im Leben der Menschen sein.\u201c&nbsp; &nbsp; &nbsp; Das diesj\u00e4hrige Motto des Kirchenzeltes lautet: \u201eWas befl\u00fcgelt dich?\u201c&#8230;.<\/p>\n","protected":false},"author":7,"featured_media":0,"comment_status":"false","ping_status":"open","sticky":false,"template":"","format":"standard","meta":{"footnotes":""},"categories":[43],"tags":[44],"class_list":["post-24865","post","type-post","status-publish","format-standard","hentry","category-kirche-oldenburg","tag-kirche-oldenburg"],"_links":{"self":[{"href":"https:\/\/christusnews.de\/site\/wp-json\/wp\/v2\/posts\/24865","targetHints":{"allow":["GET"]}}],"collection":[{"href":"https:\/\/christusnews.de\/site\/wp-json\/wp\/v2\/posts"}],"about":[{"href":"https:\/\/christusnews.de\/site\/wp-json\/wp\/v2\/types\/post"}],"author":[{"embeddable":true,"href":"https:\/\/christusnews.de\/site\/wp-json\/wp\/v2\/users\/7"}],"replies":[{"embeddable":true,"href":"https:\/\/christusnews.de\/site\/wp-json\/wp\/v2\/comments?post=24865"}],"version-history":[{"count":1,"href":"https:\/\/christusnews.de\/site\/wp-json\/wp\/v2\/posts\/24865\/revisions"}],"predecessor-version":[{"id":24866,"href":"https:\/\/christusnews.de\/site\/wp-json\/wp\/v2\/posts\/24865\/revisions\/24866"}],"wp:attachment":[{"href":"https:\/\/christusnews.de\/site\/wp-json\/wp\/v2\/media?parent=24865"}],"wp:term":[{"taxonomy":"category","embeddable":true,"href":"https:\/\/christusnews.de\/site\/wp-json\/wp\/v2\/categories?post=24865"},{"taxonomy":"post_tag","embeddable":true,"href":"https:\/\/christusnews.de\/site\/wp-json\/wp\/v2\/tags?post=24865"}],"curies":[{"name":"wp","href":"https:\/\/api.w.org\/{rel}","templated":true}]}}