{"id":24895,"date":"2023-08-20T14:21:00","date_gmt":"2023-08-20T12:21:00","guid":{"rendered":"https:\/\/christusnews.de\/site\/abschied-vom-frueheren-bischof-horst-hirschler-rund-500-gaeste-bei-trauerfeier-im-kloster-loccum\/"},"modified":"2023-08-21T23:17:44","modified_gmt":"2023-08-21T21:17:44","slug":"abschied-vom-frueheren-bischof-horst-hirschler-rund-500-gaeste-bei-trauerfeier-im-kloster-loccum","status":"publish","type":"post","link":"https:\/\/christusnews.de\/site\/abschied-vom-frueheren-bischof-horst-hirschler-rund-500-gaeste-bei-trauerfeier-im-kloster-loccum\/","title":{"rendered":"Abschied vom fr\u00fcheren Bischof Horst Hirschler &#8211; Rund 500 G\u00e4ste bei Trauerfeier im Kloster Loccum"},"content":{"rendered":"<p class=\"MsoPlainText\">Loccum\/Kr. Nienburg (epd). Rund 500 Menschen haben bei einer Trauerfeier im Kloster Loccum bei Nienburg Abschied vom fr\u00fcheren hannoverschen Landesbischof Horst Hirschler genommen. In der Klosterkirche kamen am Sonnabend zahlreiche Repr\u00e4sentanten der evangelischen Kirche sowie Familie, Freunde und Weggef\u00e4hrten zusammen. Unter ihnen waren auch Niedersachsens Ministerpr\u00e4sident Stephan Weil (SPD), Landtagsvizepr\u00e4sidentin Barbara Otte-Kinast (CDU) sowie der Vizepr\u00e4sident der Evangelischen Kirche in Deutschland (EKD) Stephan Schaede.<\/p>\n<p class=\"MsoPlainText\">&nbsp;<\/p>\n<p class=\"MsoPlainText\">Hirschler war 8. August im Alter von 89 Jahren in Loccum gestorben. Zu seinen Ehren l\u00e4uteten am fr\u00fchen Nachmittag in weiten Teilen Niedersachsens die Totenglocken. Der heutige Landesbischof Ralf Meister w\u00fcrdigte ihn bei der Trauerfeier als \u00abgro\u00dfartigen Erz\u00e4hler\u00bb des christlichen Glaubens und als \u00abstreitbaren Geist\u00bb. Hirschler sei ein Meister der konkreten Sprache gewesen. \u00abEr redete direkt, unmittelbar und manchmal auch \u00fcbergriffig.\u00bb Theologische Floskeln und abstraktes Gerede habe er verabscheut.<\/p>\n<p class=\"MsoPlainText\">&nbsp;<\/p>\n<p class=\"MsoPlainText\">Hirschler stand von 1988 bis 1999 an der Spitze der hannoverschen Landeskirche, der gr\u00f6\u00dften evangelischen Landeskirche in Deutschland. Von 1993 bis zu seinem Eintritt in den Ruhestand war er auch Leitender Bischof der Vereinigten Evangelisch-Lutherischen Kirche Deutschlands (VELKD). Von 1991 bis 1997 geh\u00f6rte er dem Rat der Evangelischen Kirche in Deutschland (EKD) an und war Vizepr\u00e4sident des Lutherischen Weltbundes. Von 2000 bis 2020 leitete er als Abt das Kloster Loccum, wo heute angehende evangelische Pastorinnen und Pastoren ausgebildet werden.<\/p>\n<p class=\"MsoPlainText\">&nbsp;<\/p>\n<p class=\"MsoPlainText\">In der Predigt sagte Bischof Meister, Horst Hirschler habe sich nie dem besseren Argument verweigert. F\u00fcr seine Klarheit h\u00e4tten ihn viele geliebt und gesch\u00e4tzt. Im Laufe seines Dienstes habe er sich aber auch immer fester an Ordnungen und \u00dcberzeugungen gebunden, die theologisch und seelsorgerlich fragw\u00fcrdig gewesen seien. So habe er es abgelehnt, dass Pastoren in homosexuellen Partnerschaften lebten, und habe bei Trennungen von Pastorenehen interveniert. Sp\u00e4ter habe er aber auch Fehler einger\u00e4umt.<\/p>\n<p class=\"MsoPlainText\">&nbsp;<\/p>\n<p class=\"MsoPlainText\">Hirschlers Sarg war im Altarraum der Klosterkirche aufgebahrt. In der Predigt sagte Meister, Horst Hirschler habe sich lebenslang mit der Bedeutung des Todes auseinandergesetzt und sich nicht mit schnellen Antworten zufriedengegeben. Hirschler wurde auf dem Klosterfriedhof in Loccum beigesetzt. Dort liegen nach alter Tradition die hannoverschen Bisch\u00f6fe begraben.<\/p>\n<p class=\"MsoPlainText\">&nbsp;<\/p>\n<p class=\"MsoPlainText\">Ministerpr\u00e4sident Weil sagte, Hirschler sei \u00fcber viele Jahre eine pr\u00e4gende Figur der evangelischen Kirche in Niedersachsen gewesen. Der Theologe sei ein Mann des Wortes gewesen und es sei \u00abatemberaubend\u00bb gewesen, ihm zuzuh\u00f6ren, sagte Weil am Rande der Trauerfeier. Beim anschlie\u00dfenden Empfang nannte der Ministerpr\u00e4sident Hirschler einen Verb\u00fcndeten des Landes, klugen Ratgeber und konstruktiven Kritiker.<\/p>\n<p class=\"MsoPlainText\">&nbsp;<\/p>\n<p class=\"MsoPlainText\">Zu den weiteren G\u00e4sten geh\u00f6rten auch der Unternehmer Dirk Rossmann, der Chef des Fu\u00dfballclubs Hannover 96, Martin Kind, der zur\u00fcckgetretene katholische Bischof Franz-Josef Bode aus Osnabr\u00fcck sowie Hirschlers Amtsnachfolgerin Margot K\u00e4\u00dfmann.<\/p>\n<p class=\"MsoPlainText\">&nbsp;<\/p>\n<p>Kirche-Oldenburg<br \/>\n<a href=\"https:\/\/www.kirche-oldenburg.de\/\/aktuell\/news-niedersachsen\/artikel\/abschied-vom-frueheren-bischof-horst-hirschler-rund-500-gaeste-bei-trauerfeier-im-kloster-loccum\" target=\"_blank\" rel=\"noopener\">Abschied vom fr\u00fcheren Bischof Horst Hirschler &#8211; Rund 500 G\u00e4ste bei Trauerfeier im Kloster Loccum<\/a><\/p>\n","protected":false},"excerpt":{"rendered":"<p>Loccum\/Kr. Nienburg (epd). Rund 500 Menschen haben bei einer Trauerfeier im Kloster Loccum bei Nienburg Abschied vom fr\u00fcheren hannoverschen Landesbischof Horst Hirschler genommen. In der Klosterkirche kamen am Sonnabend zahlreiche Repr\u00e4sentanten der evangelischen Kirche sowie Familie, Freunde und Weggef\u00e4hrten zusammen. Unter ihnen waren auch Niedersachsens Ministerpr\u00e4sident Stephan Weil (SPD), Landtagsvizepr\u00e4sidentin Barbara Otte-Kinast (CDU) sowie der Vizepr\u00e4sident der Evangelischen Kirche in Deutschland (EKD) Stephan Schaede. &nbsp; Hirschler war 8. August im Alter von 89 Jahren in Loccum gestorben. Zu seinen Ehren l\u00e4uteten am fr\u00fchen Nachmittag in weiten Teilen Niedersachsens die Totenglocken. Der heutige Landesbischof Ralf Meister w\u00fcrdigte ihn bei der Trauerfeier&#8230;<\/p>\n","protected":false},"author":7,"featured_media":0,"comment_status":"false","ping_status":"open","sticky":false,"template":"","format":"standard","meta":{"footnotes":""},"categories":[43],"tags":[44],"class_list":["post-24895","post","type-post","status-publish","format-standard","hentry","category-kirche-oldenburg","tag-kirche-oldenburg"],"_links":{"self":[{"href":"https:\/\/christusnews.de\/site\/wp-json\/wp\/v2\/posts\/24895","targetHints":{"allow":["GET"]}}],"collection":[{"href":"https:\/\/christusnews.de\/site\/wp-json\/wp\/v2\/posts"}],"about":[{"href":"https:\/\/christusnews.de\/site\/wp-json\/wp\/v2\/types\/post"}],"author":[{"embeddable":true,"href":"https:\/\/christusnews.de\/site\/wp-json\/wp\/v2\/users\/7"}],"replies":[{"embeddable":true,"href":"https:\/\/christusnews.de\/site\/wp-json\/wp\/v2\/comments?post=24895"}],"version-history":[{"count":1,"href":"https:\/\/christusnews.de\/site\/wp-json\/wp\/v2\/posts\/24895\/revisions"}],"predecessor-version":[{"id":24896,"href":"https:\/\/christusnews.de\/site\/wp-json\/wp\/v2\/posts\/24895\/revisions\/24896"}],"wp:attachment":[{"href":"https:\/\/christusnews.de\/site\/wp-json\/wp\/v2\/media?parent=24895"}],"wp:term":[{"taxonomy":"category","embeddable":true,"href":"https:\/\/christusnews.de\/site\/wp-json\/wp\/v2\/categories?post=24895"},{"taxonomy":"post_tag","embeddable":true,"href":"https:\/\/christusnews.de\/site\/wp-json\/wp\/v2\/tags?post=24895"}],"curies":[{"name":"wp","href":"https:\/\/api.w.org\/{rel}","templated":true}]}}