{"id":24901,"date":"2023-08-18T14:16:00","date_gmt":"2023-08-18T12:16:00","guid":{"rendered":"https:\/\/christusnews.de\/site\/glaubensheiter-und-nahe-am-menschen-regionalbischof-detlef-klahr-tritt-in-den-ruhestand\/"},"modified":"2023-08-21T23:17:46","modified_gmt":"2023-08-21T21:17:46","slug":"glaubensheiter-und-nahe-am-menschen-regionalbischof-detlef-klahr-tritt-in-den-ruhestand","status":"publish","type":"post","link":"https:\/\/christusnews.de\/site\/glaubensheiter-und-nahe-am-menschen-regionalbischof-detlef-klahr-tritt-in-den-ruhestand\/","title":{"rendered":"Glaubensheiter und nahe am Menschen &#8211; Regionalbischof Detlef Klahr tritt in den Ruhestand"},"content":{"rendered":"<p class=\"MsoPlainText\">Emden (epd). Der Abschied von Ostfriesland f\u00e4llt dem scheidenden Regionalbischof Detlef Klahr schwer. \u00abDen Wind, die Weite, das Meer und die Menschen werde ich vermissen &#8211; aber den Tee nehme ich mit\u00bb, sagt der 65-J\u00e4hrige mit einem verschmitzten L\u00e4cheln und setzt ein \u00abWulkche\u00bb &#8211; ein Sahnew\u00f6lkchen &#8211; mit einer winzigen Kelle auf seinen Tee. Seit 2007 war er fast 16 Jahre lang der leitende Theologe des Evangelisch-lutherischen Sprengels Ostfriesland-Ems. Zun\u00e4chst als Landessuperintendent und ab 2020 mit dem offiziellen Titel Regionalbischof. Am Sonntag (27. August) wird ihn Landesbischof Rolf Meister in der Emder Martin-Luther-Kirche in den Ruhestand verabschieden.<\/p>\n<p class=\"MsoPlainText\">&nbsp;<\/p>\n<p class=\"MsoPlainText\">In den vergangenen Jahren hat Klahr der lutherischen Kirche in der Region ein Gesicht gegeben. Ob bei Vortr\u00e4gen an der Hochschule in Emden oder bei den Landfrauen, beim Ostfriesischen Kirchentag, in zahllosen Gottesdiensten auch in kleinsten Gemeinden zwischen Borkum und Bad Bentheim, bei Passionsandachten im Ostfriesischen Landesmuseum oder bei Osterfeiern um sechs Uhr in der Fr\u00fche tief im Wald in der Klosterst\u00e4tte Ihlow bei Aurich &#8211; stets war es ihm wichtig, seine Glaubensheiterkeit an die Menschen weiterzugeben.<\/p>\n<p class=\"MsoPlainText\">&nbsp;<\/p>\n<p class=\"MsoPlainText\">Denn diese Glaubensheiterkeit ist so etwas wie das Lebensmotto von Detlef Klahr. F\u00fcr ihn beginnt das bereits mit dem Singen eines Chorals: \u00abIch halte es mit Martin Luthers Satz &#8216;Singen ver\u00e4ndert das Gem\u00fct&#8217;\u00bb. Folgerichtig hei\u00dft seine Doktorarbeit \u00fcber den Dichter und Theologen Carl Johann Philipp Spitta (1801-1859) auch \u00abGlaubensheiterkeit\u00bb.<\/p>\n<p class=\"MsoPlainText\">&nbsp;<\/p>\n<p class=\"MsoPlainText\">Eng verbunden damit ist auch Klahrs N\u00e4he zu den Menschen. Sie sch\u00e4tzen es, dass er fromm von seinem Glauben spricht und darin den Alltag der Menschen einbinden kann. Dazu z\u00e4hlen auch Themen wie Arbeitslosigkeit, Zukunftsperspektiven der Jugendlichen oder der Friede. \u00abPolitik sollte nicht das erste Thema in der Kirche sein, aber die Kirche muss immer wieder das Gespr\u00e4ch mit der Politik und der Gesellschaft suchen\u00bb, sagt der Theologe.<\/p>\n<p class=\"MsoPlainText\">&nbsp;<\/p>\n<p class=\"MsoPlainText\">Den Umgang mit Menschen hat er schon fr\u00fch ge\u00fcbt. Als 15-J\u00e4hriger begann Klahr eine Lehre bei der Post. \u00abAls Brieftr\u00e4ger habe ich gelernt, dass Frau M\u00fcller um die Ecke genauso wichtig ist, wie der gro\u00dfe Theologe Augustinus.\u00bb N\u00e4her als ein Brieftr\u00e4ger komme kaum jemand an Menschen heran. Sp\u00e4ter hat er \u00fcber den zweiten Bildungsweg Theologie studiert.<\/p>\n<p class=\"MsoPlainText\">&nbsp;<\/p>\n<p class=\"MsoPlainText\">So wichtig ihm die Theologie, die Musik und die Menschen sind &#8211; auch f\u00fcr die gemalte Kunst hat Klahr ein gro\u00dfes Herz. Gro\u00dfformatige Bilder des Malers Hermann Bu\u00df zieren den Besprechungsraum in Emden. Der Flensburger K\u00fcnstler Uwe Appold war mehrfach mit seinen Bildern in ostfriesischen Kirche zu Gast. Und so wundert es nicht, dass Klahr in seinem Ruhestand in Hannover ein Studium der Kunstgeschichte beginnen will &#8211; \u00abund vielleicht auch ein wenig Philosophie\u00bb.<\/p>\n<p class=\"MsoPlainText\">&nbsp;<\/p>\n<p class=\"MsoPlainText\">Wer k\u00fcnftig den Sprengel leiten wird, ist noch ungekl\u00e4rt. Die Stelle ist bundesweit ausgeschrieben, doch ist noch keine Entscheidung gefallen.<\/p>\n<p>Kirche-Oldenburg<br \/>\n<a href=\"https:\/\/www.kirche-oldenburg.de\/\/aktuell\/news-niedersachsen\/artikel\/glaubensheiter-und-nahe-am-menschen-regionalbischof-detlef-klahr-tritt-in-den-ruhestand\" target=\"_blank\" rel=\"noopener\">Glaubensheiter und nahe am Menschen &#8211; Regionalbischof Detlef Klahr tritt in den Ruhestand<\/a><\/p>\n","protected":false},"excerpt":{"rendered":"<p>Emden (epd). Der Abschied von Ostfriesland f\u00e4llt dem scheidenden Regionalbischof Detlef Klahr schwer. \u00abDen Wind, die Weite, das Meer und die Menschen werde ich vermissen &#8211; aber den Tee nehme ich mit\u00bb, sagt der 65-J\u00e4hrige mit einem verschmitzten L\u00e4cheln und setzt ein \u00abWulkche\u00bb &#8211; ein Sahnew\u00f6lkchen &#8211; mit einer winzigen Kelle auf seinen Tee. Seit 2007 war er fast 16 Jahre lang der leitende Theologe des Evangelisch-lutherischen Sprengels Ostfriesland-Ems. Zun\u00e4chst als Landessuperintendent und ab 2020 mit dem offiziellen Titel Regionalbischof. Am Sonntag (27. August) wird ihn Landesbischof Rolf Meister in der Emder Martin-Luther-Kirche in den Ruhestand verabschieden. &nbsp; In den&#8230;<\/p>\n","protected":false},"author":7,"featured_media":0,"comment_status":"false","ping_status":"open","sticky":false,"template":"","format":"standard","meta":{"footnotes":""},"categories":[43],"tags":[44],"class_list":["post-24901","post","type-post","status-publish","format-standard","hentry","category-kirche-oldenburg","tag-kirche-oldenburg"],"_links":{"self":[{"href":"https:\/\/christusnews.de\/site\/wp-json\/wp\/v2\/posts\/24901","targetHints":{"allow":["GET"]}}],"collection":[{"href":"https:\/\/christusnews.de\/site\/wp-json\/wp\/v2\/posts"}],"about":[{"href":"https:\/\/christusnews.de\/site\/wp-json\/wp\/v2\/types\/post"}],"author":[{"embeddable":true,"href":"https:\/\/christusnews.de\/site\/wp-json\/wp\/v2\/users\/7"}],"replies":[{"embeddable":true,"href":"https:\/\/christusnews.de\/site\/wp-json\/wp\/v2\/comments?post=24901"}],"version-history":[{"count":1,"href":"https:\/\/christusnews.de\/site\/wp-json\/wp\/v2\/posts\/24901\/revisions"}],"predecessor-version":[{"id":24902,"href":"https:\/\/christusnews.de\/site\/wp-json\/wp\/v2\/posts\/24901\/revisions\/24902"}],"wp:attachment":[{"href":"https:\/\/christusnews.de\/site\/wp-json\/wp\/v2\/media?parent=24901"}],"wp:term":[{"taxonomy":"category","embeddable":true,"href":"https:\/\/christusnews.de\/site\/wp-json\/wp\/v2\/categories?post=24901"},{"taxonomy":"post_tag","embeddable":true,"href":"https:\/\/christusnews.de\/site\/wp-json\/wp\/v2\/tags?post=24901"}],"curies":[{"name":"wp","href":"https:\/\/api.w.org\/{rel}","templated":true}]}}