{"id":24903,"date":"2023-08-18T14:15:00","date_gmt":"2023-08-18T12:15:00","guid":{"rendered":"https:\/\/christusnews.de\/site\/pfarrer-kossen-fordert-menschenwuerdiges-wohnen-fuer-arbeitsmigranten\/"},"modified":"2023-08-21T23:17:46","modified_gmt":"2023-08-21T21:17:46","slug":"pfarrer-kossen-fordert-menschenwuerdiges-wohnen-fuer-arbeitsmigranten","status":"publish","type":"post","link":"https:\/\/christusnews.de\/site\/pfarrer-kossen-fordert-menschenwuerdiges-wohnen-fuer-arbeitsmigranten\/","title":{"rendered":"Pfarrer Kossen fordert menschenw\u00fcrdiges Wohnen f\u00fcr Arbeitsmigranten"},"content":{"rendered":"<p class=\"MsoPlainText\">Lengerich\/Vechta (epd). Der katholische Theologe und Menschenrechtler Peter Kossen fordert mehr Engagement f\u00fcr menschenw\u00fcrdiges Wohnen von Arbeitsmigranten. Es gebe in vielen St\u00e4dten ganze Stra\u00dfenz\u00fcge, die zum Ghetto f\u00fcr Arbeitsmigranten aus Ost- und S\u00fcdosteuropa geworden seien, erkl\u00e4rte Kossen am Freitag in Lengerich. Der aus Vechta stammende Theologe prangert seit Jahren die menschenunw\u00fcrdigen Bedingungen von Arbeitsmigranten vor allem in der Fleischindustrie im Nordwesten Deutschlands an.<\/p>\n<p class=\"MsoPlainText\">&nbsp;<\/p>\n<p class=\"MsoPlainText\">\u00abBruchbuden werden vollgestopft mit Menschen aus Rum\u00e4nien und Bulgarien\u00bb, kritisierte der Theologe. \u00abSie zahlen daf\u00fcr Wuchermieten, weil sie nichts anderes bekommen.\u00bb N\u00f6tig sei ein st\u00e4rkeres Engagement von Politik, Wirtschaft und Gesellschaft f\u00fcr Integration, Teilhabe und menschw\u00fcrdiges Wohnen.<\/p>\n<p class=\"MsoPlainText\">&nbsp;<\/p>\n<p class=\"MsoPlainText\">Wegen der allgemeinen Knappheit von g\u00fcnstigem Wohnraum h\u00e4tten Arbeitsmigranten auf dem Wohnungsmarkt kaum eine Chance auf bezahlbare menschenw\u00fcrdige Wohnungen. Wuchermieten f\u00fcr unhygienische und unw\u00fcrdige Behausungen seien die Folge. Sozialer Wohnungsbau falle weitgehend aus und die Sozialbindung von Wohnungen laufe ab, ohne dass f\u00fcr Ersatz gesorgt werde. Besonders prek\u00e4r sei es, wenn zunehmend ganze Familien von Arbeitsmigranten in solchen Behausungen leben m\u00fcssten.<\/p>\n<p class=\"MsoPlainText\">&nbsp;<\/p>\n<p class=\"MsoPlainText\">\u00abWer kaum Deutsch spricht, wenig Geld hat und niemanden kennt, habe praktisch keine Chance auf dem Wohnungsmarkt\u00bb, beklagte der Theologe. \u00abDa bleibt nur das Leben im Ghetto mit der st\u00e4ndigen Angst, mit dem Job auch das Dach \u00fcber dem Kopf zu verlieren\u00bb, erkl\u00e4rte der Theologe, der auch Vorsitzender des Vereins \u00abAktion W\u00fcrde und Gerechtigkeit\u00bb ist. Der Verein unterst\u00fctzt Arbeitsmigranten bei der Durchsetzung ihrer Rechte.<\/p>\n<p class=\"MsoPlainText\">&nbsp;<\/p>\n<p class=\"MsoPlainText\">Oft verdienten sich Leiharbeitsfirmen neben der Ausbeutung der Arbeitskr\u00e4fte \u00abein fettes &#8216;Zubrot&#8217;\u00bb, indem sie Migranten in eigenen Schrottimmobilien unterbr\u00e4chten. Beh\u00f6rden w\u00fcssten oft gar nicht, wie viele Arbeitsmigranten wie lange wo hausen. Diese m\u00fcssten erst nach drei Monaten angemeldet werden. \u00abWir sehen vielerorts einen regelrechten &#8216;Verschiebebahnhof&#8217;, der eine \u00dcbersicht und Kontrolle praktisch unm\u00f6glich macht\u00bb, beklagte der Theologe.<\/p>\n<p>Kirche-Oldenburg<br \/>\n<a href=\"https:\/\/www.kirche-oldenburg.de\/\/aktuell\/news-niedersachsen\/artikel\/pfarrer-kossen-fordert-menschenwuerdiges-wohnen-fuer-arbeitsmigranten\" target=\"_blank\" rel=\"noopener\">Pfarrer Kossen fordert menschenw\u00fcrdiges Wohnen f\u00fcr Arbeitsmigranten<\/a><\/p>\n","protected":false},"excerpt":{"rendered":"<p>Lengerich\/Vechta (epd). Der katholische Theologe und Menschenrechtler Peter Kossen fordert mehr Engagement f\u00fcr menschenw\u00fcrdiges Wohnen von Arbeitsmigranten. Es gebe in vielen St\u00e4dten ganze Stra\u00dfenz\u00fcge, die zum Ghetto f\u00fcr Arbeitsmigranten aus Ost- und S\u00fcdosteuropa geworden seien, erkl\u00e4rte Kossen am Freitag in Lengerich. Der aus Vechta stammende Theologe prangert seit Jahren die menschenunw\u00fcrdigen Bedingungen von Arbeitsmigranten vor allem in der Fleischindustrie im Nordwesten Deutschlands an. &nbsp; \u00abBruchbuden werden vollgestopft mit Menschen aus Rum\u00e4nien und Bulgarien\u00bb, kritisierte der Theologe. \u00abSie zahlen daf\u00fcr Wuchermieten, weil sie nichts anderes bekommen.\u00bb N\u00f6tig sei ein st\u00e4rkeres Engagement von Politik, Wirtschaft und Gesellschaft f\u00fcr Integration, Teilhabe und menschw\u00fcrdiges&#8230;<\/p>\n","protected":false},"author":7,"featured_media":0,"comment_status":"false","ping_status":"open","sticky":false,"template":"","format":"standard","meta":{"footnotes":""},"categories":[43],"tags":[44],"class_list":["post-24903","post","type-post","status-publish","format-standard","hentry","category-kirche-oldenburg","tag-kirche-oldenburg"],"_links":{"self":[{"href":"https:\/\/christusnews.de\/site\/wp-json\/wp\/v2\/posts\/24903","targetHints":{"allow":["GET"]}}],"collection":[{"href":"https:\/\/christusnews.de\/site\/wp-json\/wp\/v2\/posts"}],"about":[{"href":"https:\/\/christusnews.de\/site\/wp-json\/wp\/v2\/types\/post"}],"author":[{"embeddable":true,"href":"https:\/\/christusnews.de\/site\/wp-json\/wp\/v2\/users\/7"}],"replies":[{"embeddable":true,"href":"https:\/\/christusnews.de\/site\/wp-json\/wp\/v2\/comments?post=24903"}],"version-history":[{"count":1,"href":"https:\/\/christusnews.de\/site\/wp-json\/wp\/v2\/posts\/24903\/revisions"}],"predecessor-version":[{"id":24904,"href":"https:\/\/christusnews.de\/site\/wp-json\/wp\/v2\/posts\/24903\/revisions\/24904"}],"wp:attachment":[{"href":"https:\/\/christusnews.de\/site\/wp-json\/wp\/v2\/media?parent=24903"}],"wp:term":[{"taxonomy":"category","embeddable":true,"href":"https:\/\/christusnews.de\/site\/wp-json\/wp\/v2\/categories?post=24903"},{"taxonomy":"post_tag","embeddable":true,"href":"https:\/\/christusnews.de\/site\/wp-json\/wp\/v2\/tags?post=24903"}],"curies":[{"name":"wp","href":"https:\/\/api.w.org\/{rel}","templated":true}]}}