{"id":24907,"date":"2023-08-21T13:09:00","date_gmt":"2023-08-21T11:09:00","guid":{"rendered":"https:\/\/christusnews.de\/site\/batnight-nabu-laedt-zur-nacht-der-fledermaeuse-ein\/"},"modified":"2023-08-22T23:20:16","modified_gmt":"2023-08-22T21:20:16","slug":"batnight-nabu-laedt-zur-nacht-der-fledermaeuse-ein","status":"publish","type":"post","link":"https:\/\/christusnews.de\/site\/batnight-nabu-laedt-zur-nacht-der-fledermaeuse-ein\/","title":{"rendered":"Batnight: Nabu l\u00e4dt zur Nacht der Flederm\u00e4use ein"},"content":{"rendered":"<p>Hannover (epd). Mit der \u00abBatnight\u00bb vom 25. auf den 26. August will der Naturschutzbund Nabu in Niedersachsen erneut auf die Situation von Flederm\u00e4usen aufmerksam machen. Deutschlandweit organisiert der Nabu dazu Fledermausfeste, Vortr\u00e4ge, Wanderungen und Exkursionen, wie der Nabu Niedersachsen am Montag mitteilte. Gleichzeitig k\u00f6nnten Flederm\u00e4use in ihrer nat\u00fcrlichen Umgebung erlebt und bestaunt werden.<br \/>\nVeranstaltungen sind auf der Internetseite http:\/\/u.epd.de\/2p6x zu finden.<\/p>\n<p>\nFlederm\u00e4use begeisterten mit meisterlichen Akrobatikk\u00fcnsten, wenn sie mit mehr als 880 Herzschl\u00e4gen pro Minute durch die Nacht rasten, hie\u00df es. Seit mehr als 50 Millionen Jahren bev\u00f6lkerten die Insektenj\u00e4ger die Erde. In den letzten Jahrzehnten sei ihr Bestand allerdings dramatisch eingebrochen. Drei der 25 in Deutschland vorkommenden Arten seien akut vom Aussterben bedroht, vier g\u00e4lten als stark gef\u00e4hrdet und drei weitere als gef\u00e4hrdet.<\/p>\n<p>\nGr\u00fcnde liegen laut Nabu in der intensiven Land- und Forstwirtschaft, aber auch am Schwund geeigneter Lebensr\u00e4ume, etwa durch die Modernisierung von Fassaden und D\u00e4chern. Flederm\u00e4use ben\u00f6tigten sowohl f\u00fcr ihren Winterschlaf als auch f\u00fcr die Aufzucht ihrer Jungen ruhige und sichere R\u00fcckzugsorte, wie Ritzen und Fugen von Hausd\u00e4chern und Fassaden. Die j\u00e4hrliche Fledermausnacht findet weltweit in 38 L\u00e4ndern statt. In Deutschland wird sie den Angaben zufolge zum 27. Mal vom Nabu organisiert.<br \/>\n&nbsp;<\/p>\n<p>Kirche-Oldenburg<br \/>\n<a href=\"https:\/\/www.kirche-oldenburg.de\/\/aktuell\/news-niedersachsen\/artikel\/batnight-nabu-laedt-zur-nacht-der-fledermaeuse-ein\" target=\"_blank\" rel=\"noopener\">Batnight: Nabu l\u00e4dt zur Nacht der Flederm\u00e4use ein<\/a><\/p>\n","protected":false},"excerpt":{"rendered":"<p>Hannover (epd). Mit der \u00abBatnight\u00bb vom 25. auf den 26. August will der Naturschutzbund Nabu in Niedersachsen erneut auf die Situation von Flederm\u00e4usen aufmerksam machen. Deutschlandweit organisiert der Nabu dazu Fledermausfeste, Vortr\u00e4ge, Wanderungen und Exkursionen, wie der Nabu Niedersachsen am Montag mitteilte. Gleichzeitig k\u00f6nnten Flederm\u00e4use in ihrer nat\u00fcrlichen Umgebung erlebt und bestaunt werden. Veranstaltungen sind auf der Internetseite http:\/\/u.epd.de\/2p6x zu finden. Flederm\u00e4use begeisterten mit meisterlichen Akrobatikk\u00fcnsten, wenn sie mit mehr als 880 Herzschl\u00e4gen pro Minute durch die Nacht rasten, hie\u00df es. Seit mehr als 50 Millionen Jahren bev\u00f6lkerten die Insektenj\u00e4ger die Erde. In den letzten Jahrzehnten sei ihr Bestand allerdings&#8230;<\/p>\n","protected":false},"author":7,"featured_media":0,"comment_status":"false","ping_status":"open","sticky":false,"template":"","format":"standard","meta":{"footnotes":""},"categories":[43],"tags":[44],"class_list":["post-24907","post","type-post","status-publish","format-standard","hentry","category-kirche-oldenburg","tag-kirche-oldenburg"],"_links":{"self":[{"href":"https:\/\/christusnews.de\/site\/wp-json\/wp\/v2\/posts\/24907","targetHints":{"allow":["GET"]}}],"collection":[{"href":"https:\/\/christusnews.de\/site\/wp-json\/wp\/v2\/posts"}],"about":[{"href":"https:\/\/christusnews.de\/site\/wp-json\/wp\/v2\/types\/post"}],"author":[{"embeddable":true,"href":"https:\/\/christusnews.de\/site\/wp-json\/wp\/v2\/users\/7"}],"replies":[{"embeddable":true,"href":"https:\/\/christusnews.de\/site\/wp-json\/wp\/v2\/comments?post=24907"}],"version-history":[{"count":1,"href":"https:\/\/christusnews.de\/site\/wp-json\/wp\/v2\/posts\/24907\/revisions"}],"predecessor-version":[{"id":24908,"href":"https:\/\/christusnews.de\/site\/wp-json\/wp\/v2\/posts\/24907\/revisions\/24908"}],"wp:attachment":[{"href":"https:\/\/christusnews.de\/site\/wp-json\/wp\/v2\/media?parent=24907"}],"wp:term":[{"taxonomy":"category","embeddable":true,"href":"https:\/\/christusnews.de\/site\/wp-json\/wp\/v2\/categories?post=24907"},{"taxonomy":"post_tag","embeddable":true,"href":"https:\/\/christusnews.de\/site\/wp-json\/wp\/v2\/tags?post=24907"}],"curies":[{"name":"wp","href":"https:\/\/api.w.org\/{rel}","templated":true}]}}