{"id":24912,"date":"2023-08-28T09:54:05","date_gmt":"2023-08-28T07:54:05","guid":{"rendered":"https:\/\/christusnews.de\/site\/?p=24912"},"modified":"2023-08-23T09:59:01","modified_gmt":"2023-08-23T07:59:01","slug":"ich-bin-dann-mal-da","status":"publish","type":"post","link":"https:\/\/christusnews.de\/site\/ich-bin-dann-mal-da\/","title":{"rendered":"Ich bin dann mal da!"},"content":{"rendered":"\n<p>\u201eIch bin dann mal weg!\u201c Den Buch-und Filmtitel, den kennen vermutlich die meisten von uns. Zitieren wir ihn doch schnell, um deutlich zu machen: Hallo Leute, ich bin gleich nicht mehr hier. Ihr m\u00fcsst dann mal eben ohne mich sein.<\/p>\n\n\n\n<p>Meistens ist das ok, manchmal erf\u00fcllt es uns auch mit einem kurzen Schreck. \u201eWie, Du bist weg? Nicht erreichbar?\u201c&nbsp;<br>Genau! \u2026 und ich schalte sogar mein Handy aus.&nbsp;<br>Damit ernte ich dann&nbsp;<strong>schon<\/strong>&nbsp;Verwunderung.<\/p>\n\n\n\n<p>&nbsp;Trotzdem, die einen h\u00f6ren \u201eIch bin dann mal weg!\u201c, die anderen aber h\u00f6ren und sp\u00fcren deutlich: \u201eIch bin dann mal da!\u201c Ich bin jetzt nur f\u00fcr dich da, h\u00f6re dir zu, unternehme nur mit dir oder euch etwas, was uns gemeinsam gut tut.&nbsp;<br>Viel zu abh\u00e4ngig machen wir uns von unseren digitalen Begleitern.&nbsp;<br>Unser Verh\u00e4ltnis zueinander, unsere Beziehungen zu unseren Kindern, Eltern, Freunden\u2026.wollen wir sie wirklich der Technik opfern? Nein! Ich bin dann mal da. F\u00fcr Dich!<\/p>\n\n\n\n<p><\/p>\n\n\n\n<blockquote class=\"wp-block-quote is-layout-flow wp-block-quote-is-layout-flow\">\n<blockquote class=\"wp-block-quote is-layout-flow wp-block-quote-is-layout-flow\">\n<p><strong>Sabine Wistuba<\/strong><\/p>\n\n\n\n<p id=\"block-fb80a6b2-cb5c-4986-8baf-0eaeeaa95669\">H<em>\u00f6ren Sie diesen Beitrag bei Radio Jade:<\/em><br><a rel=\"noreferrer noopener\" href=\"http:\/\/www.radio-jade.de\/mediathek\/angedacht\/\" target=\"_blank\"><em>Alle Beitr\u00e4ge im \u00dcberblick | RADIO JADE<\/em><\/a><\/p>\n<\/blockquote>\n<\/blockquote>\n","protected":false},"excerpt":{"rendered":"<p>\u201eIch bin dann mal weg!\u201c Den Buch-und Filmtitel, den kennen vermutlich die meisten von uns. Zitieren wir ihn doch schnell, um deutlich zu machen: Hallo Leute, ich bin gleich nicht mehr hier. Ihr m\u00fcsst dann mal eben ohne mich sein. Meistens ist das ok, manchmal erf\u00fcllt es uns auch mit einem kurzen Schreck. \u201eWie, Du bist weg? Nicht erreichbar?\u201c&nbsp;Genau! \u2026 und ich schalte sogar mein Handy aus.&nbsp;Damit ernte ich dann&nbsp;schon&nbsp;Verwunderung. &nbsp;Trotzdem, die einen h\u00f6ren \u201eIch bin dann mal weg!\u201c, die anderen aber h\u00f6ren und sp\u00fcren deutlich: \u201eIch bin dann mal da!\u201c Ich bin jetzt nur f\u00fcr dich da, h\u00f6re dir&#8230;<\/p>\n","protected":false},"author":6,"featured_media":1171,"comment_status":"closed","ping_status":"open","sticky":false,"template":"","format":"standard","meta":{"footnotes":""},"categories":[5],"tags":[],"class_list":["post-24912","post","type-post","status-publish","format-standard","has-post-thumbnail","hentry","category-angedacht"],"_links":{"self":[{"href":"https:\/\/christusnews.de\/site\/wp-json\/wp\/v2\/posts\/24912","targetHints":{"allow":["GET"]}}],"collection":[{"href":"https:\/\/christusnews.de\/site\/wp-json\/wp\/v2\/posts"}],"about":[{"href":"https:\/\/christusnews.de\/site\/wp-json\/wp\/v2\/types\/post"}],"author":[{"embeddable":true,"href":"https:\/\/christusnews.de\/site\/wp-json\/wp\/v2\/users\/6"}],"replies":[{"embeddable":true,"href":"https:\/\/christusnews.de\/site\/wp-json\/wp\/v2\/comments?post=24912"}],"version-history":[{"count":1,"href":"https:\/\/christusnews.de\/site\/wp-json\/wp\/v2\/posts\/24912\/revisions"}],"predecessor-version":[{"id":24913,"href":"https:\/\/christusnews.de\/site\/wp-json\/wp\/v2\/posts\/24912\/revisions\/24913"}],"wp:featuredmedia":[{"embeddable":true,"href":"https:\/\/christusnews.de\/site\/wp-json\/wp\/v2\/media\/1171"}],"wp:attachment":[{"href":"https:\/\/christusnews.de\/site\/wp-json\/wp\/v2\/media?parent=24912"}],"wp:term":[{"taxonomy":"category","embeddable":true,"href":"https:\/\/christusnews.de\/site\/wp-json\/wp\/v2\/categories?post=24912"},{"taxonomy":"post_tag","embeddable":true,"href":"https:\/\/christusnews.de\/site\/wp-json\/wp\/v2\/tags?post=24912"}],"curies":[{"name":"wp","href":"https:\/\/api.w.org\/{rel}","templated":true}]}}