{"id":24923,"date":"2023-08-22T17:16:00","date_gmt":"2023-08-22T15:16:00","guid":{"rendered":"https:\/\/christusnews.de\/site\/forschungsprojekt-sucht-betroffene-von-geistlichem-missbrauch\/"},"modified":"2023-08-23T11:18:59","modified_gmt":"2023-08-23T09:18:59","slug":"forschungsprojekt-sucht-betroffene-von-geistlichem-missbrauch","status":"publish","type":"post","link":"https:\/\/christusnews.de\/site\/forschungsprojekt-sucht-betroffene-von-geistlichem-missbrauch\/","title":{"rendered":"Forschungsprojekt sucht Betroffene von \u00abgeistlichem Missbrauch\u00bb"},"content":{"rendered":"<p class=\"MsoPlainText\">M\u00fcnster\/Osnabr\u00fcck (epd). Zur Untersuchung von sogenanntem \u00abgeistlichen Missbrauch\u00bb sucht die Universit\u00e4t in M\u00fcnster Gespr\u00e4chspartner. Aufgerufen sind vor allem Betroffene und ehemalige Mitglieder der \u00abChristusgemenschaft\u00bb und von \u00abTotus Tuus Neuevangelisierung\u00bb, teilte die Katholisch-Theologische Fakult\u00e4t der Universit\u00e4t M\u00fcnster mit. In dem Anfang des Jahres gestarteten Forschungsprojekt der Bist\u00fcmer M\u00fcnster und Osnabr\u00fcck geht es um eine Form des Missbrauchs, bei dem Menschen mithilfe biblischer Aussagen, theologischer Inhalte oder spiritueller Praktiken manipuliert und unter Druck gesetzt werden.<\/p>\n<p class=\"MsoPlainText\">&nbsp;<\/p>\n<p class=\"MsoPlainText\">Erforscht werden sollen die Auswirkungen von geistlichem Missbrauch auf die Betroffenen, wie es hie\u00df. Zudem soll ergr\u00fcndet werden, welche Voraussetzungen, Strukturen und systemische Faktoren geistlichen Missbrauch entstehen lassen, beg\u00fcnstigen und aufrechterhalten. Das Forschungsteam gehe zudem religi\u00f6sen Praktiken und theologischen \u00dcberzeugungen nach, die den geistlichen Missbrauch in geistlichen Gemeinschaften beg\u00fcnstigten.<\/p>\n<p class=\"MsoPlainText\">&nbsp;<\/p>\n<p class=\"MsoPlainText\">Im Zentrum der Untersuchung stehen die im Bistum Osnabr\u00fcck gegr\u00fcndete und mit den Thuiner Franziskanerinnen verkn\u00fcpfte \u00abChristusgemeinschaft\u00bb sowie die 2007 bis 2021 im Bistum M\u00fcnster kirchenrechtlich anerkannte geistliche Vereinigung \u00abTotus Tuus Neuevangelisierung\u00bb. Das Projekt ist auf drei Jahre ausgelegt.<\/p>\n<p class=\"MsoPlainText\">&nbsp;<\/p>\n<p class=\"MsoPlainText\">Interviews seien neben einem intensiven Aktenstudium wesentliche Grundlage der Untersuchung, hie\u00df es. Au\u00dfer Betroffenen und ehemaligen Mitgliedern der Gemeinschaften w\u00fcrden Zeitzeugen und Wissenstr\u00e4ger wie Bistumsverantwortliche, aber auch Eltern von Mitgliedern oder Vertreter von Kirchengemeinden befragt. Unterst\u00fctzt wird die Studie von der katholischen Deutschen Bischofskonferenz.<\/p>\n<p>Kirche-Oldenburg<br \/>\n<a href=\"https:\/\/www.kirche-oldenburg.de\/\/aktuell\/news-niedersachsen\/artikel\/forschungsprojekt-sucht-betroffene-von-geistlichem-missbrauch\" target=\"_blank\" rel=\"noopener\">Forschungsprojekt sucht Betroffene von \u00abgeistlichem Missbrauch\u00bb<\/a><\/p>\n","protected":false},"excerpt":{"rendered":"<p>M\u00fcnster\/Osnabr\u00fcck (epd). Zur Untersuchung von sogenanntem \u00abgeistlichen Missbrauch\u00bb sucht die Universit\u00e4t in M\u00fcnster Gespr\u00e4chspartner. Aufgerufen sind vor allem Betroffene und ehemalige Mitglieder der \u00abChristusgemenschaft\u00bb und von \u00abTotus Tuus Neuevangelisierung\u00bb, teilte die Katholisch-Theologische Fakult\u00e4t der Universit\u00e4t M\u00fcnster mit. In dem Anfang des Jahres gestarteten Forschungsprojekt der Bist\u00fcmer M\u00fcnster und Osnabr\u00fcck geht es um eine Form des Missbrauchs, bei dem Menschen mithilfe biblischer Aussagen, theologischer Inhalte oder spiritueller Praktiken manipuliert und unter Druck gesetzt werden. &nbsp; Erforscht werden sollen die Auswirkungen von geistlichem Missbrauch auf die Betroffenen, wie es hie\u00df. Zudem soll ergr\u00fcndet werden, welche Voraussetzungen, Strukturen und systemische Faktoren geistlichen Missbrauch&#8230;<\/p>\n","protected":false},"author":7,"featured_media":0,"comment_status":"false","ping_status":"open","sticky":false,"template":"","format":"standard","meta":{"footnotes":""},"categories":[43],"tags":[44],"class_list":["post-24923","post","type-post","status-publish","format-standard","hentry","category-kirche-oldenburg","tag-kirche-oldenburg"],"_links":{"self":[{"href":"https:\/\/christusnews.de\/site\/wp-json\/wp\/v2\/posts\/24923","targetHints":{"allow":["GET"]}}],"collection":[{"href":"https:\/\/christusnews.de\/site\/wp-json\/wp\/v2\/posts"}],"about":[{"href":"https:\/\/christusnews.de\/site\/wp-json\/wp\/v2\/types\/post"}],"author":[{"embeddable":true,"href":"https:\/\/christusnews.de\/site\/wp-json\/wp\/v2\/users\/7"}],"replies":[{"embeddable":true,"href":"https:\/\/christusnews.de\/site\/wp-json\/wp\/v2\/comments?post=24923"}],"version-history":[{"count":1,"href":"https:\/\/christusnews.de\/site\/wp-json\/wp\/v2\/posts\/24923\/revisions"}],"predecessor-version":[{"id":24924,"href":"https:\/\/christusnews.de\/site\/wp-json\/wp\/v2\/posts\/24923\/revisions\/24924"}],"wp:attachment":[{"href":"https:\/\/christusnews.de\/site\/wp-json\/wp\/v2\/media?parent=24923"}],"wp:term":[{"taxonomy":"category","embeddable":true,"href":"https:\/\/christusnews.de\/site\/wp-json\/wp\/v2\/categories?post=24923"},{"taxonomy":"post_tag","embeddable":true,"href":"https:\/\/christusnews.de\/site\/wp-json\/wp\/v2\/tags?post=24923"}],"curies":[{"name":"wp","href":"https:\/\/api.w.org\/{rel}","templated":true}]}}