{"id":24927,"date":"2023-08-23T09:04:00","date_gmt":"2023-08-23T07:04:00","guid":{"rendered":"https:\/\/christusnews.de\/site\/26-buchlaeden-fuer-engagement-in-der-lesefoerderung-ausgezeichnet\/"},"modified":"2023-08-24T11:18:38","modified_gmt":"2023-08-24T09:18:38","slug":"26-buchlaeden-fuer-engagement-in-der-lesefoerderung-ausgezeichnet","status":"publish","type":"post","link":"https:\/\/christusnews.de\/site\/26-buchlaeden-fuer-engagement-in-der-lesefoerderung-ausgezeichnet\/","title":{"rendered":"26 Buchl\u00e4den f\u00fcr Engagement in der Lesef\u00f6rderung ausgezeichnet"},"content":{"rendered":"<p class=\"MsoPlainText\">Hannover (epd). Niedersachsens Kulturminister Falko Mohrs (SPD) hat am Mittwoch 26 Buchhandlungen im Land f\u00fcr ihr Engagement in der Lesef\u00f6rderung mit dem Titel \u00abPr\u00e4dikatsbuchhandlung\u00bb ausgezeichnet. \u00abSie tragen mit ihren Angeboten und Aktionen dazu bei, dass Kinder und Jugendliche Freude am Lesen entwickeln und beibehalten\u00bb, sagte er in der Gottfried Wilhelm Leibniz Bibliothek in Hannover. Der Landesverband Nord des B\u00f6rsenvereins des Deutschen Buchhandels vergibt das Siegel in Zusammenarbeit mit dem Kulturministerium alle zwei Jahre an Buchhandlungen, die sich insbesondere an Kinder und Jugendliche wenden.<\/p>\n<p class=\"MsoPlainText\">&nbsp;<\/p>\n<p class=\"MsoPlainText\">Branka Felba f\u00fcgte als Vorsitzende des Landesverbandes an: Die Geehrten seien mutige Buchh\u00e4ndlerinnen und Buchh\u00e4ndler, die sich den Ver\u00e4nderungen in der Kommunikationskultur stellten. Sie wendeten in wirtschaftlich schwierigen Zeiten Kraft und Zeit f\u00fcr etwas auf, das sich nicht gleich in barer M\u00fcnze auszahle, sondern langsam wachse.<\/p>\n<p class=\"MsoPlainText\">&nbsp;<\/p>\n<p class=\"MsoPlainText\">Bereits zum achten Mal erhielten die Buchhandlung Graff (Braunschweig), B\u00fccherwurm (Braunschweig), Leuenhagen &amp; Paris (Hannover), die Buchhandlung Sternschnuppe (Hannover), L\u00fcnebuch (L\u00fcneburg), Sutm\u00f6ller B\u00fccher &amp; Mehr (Melle), Die Schatulle (Osterholz-Scharmbeck) und die Buchhandlung Sch\u00fcttert (Syke\/Weyhe\/Diepholz) die Plakette. Zum siebten Mal ausgezeichnet wurden die Buchhandlung Friedrich Schaumburg (Stade) und Susannes Buchhandlung (Wiesmoor).<\/p>\n<p class=\"MsoPlainText\">&nbsp;<\/p>\n<p class=\"MsoPlainText\">Es gibt aber auch Neulinge, die erstmals geehrt wurden: Der Buchladen Hielscher (Dannenberg), die Buchhandlung Winnemuth (Hann. M\u00fcnden), julius.buch (Helmstedt) und die Buchhandlung Steuber (Wolfenb\u00fcttel). Die weiteren Preistr\u00e4ger errangen das Siegel zwischen vier und sechsmal.<\/p>\n<p>Kirche-Oldenburg<br \/>\n<a href=\"https:\/\/www.kirche-oldenburg.de\/\/aktuell\/news-niedersachsen\/artikel\/26-buchlaeden-fuer-engagement-in-der-lesefoerderung-ausgezeichnet\" target=\"_blank\" rel=\"noopener\">26 Buchl\u00e4den f\u00fcr Engagement in der Lesef\u00f6rderung ausgezeichnet<\/a><\/p>\n","protected":false},"excerpt":{"rendered":"<p>Hannover (epd). Niedersachsens Kulturminister Falko Mohrs (SPD) hat am Mittwoch 26 Buchhandlungen im Land f\u00fcr ihr Engagement in der Lesef\u00f6rderung mit dem Titel \u00abPr\u00e4dikatsbuchhandlung\u00bb ausgezeichnet. \u00abSie tragen mit ihren Angeboten und Aktionen dazu bei, dass Kinder und Jugendliche Freude am Lesen entwickeln und beibehalten\u00bb, sagte er in der Gottfried Wilhelm Leibniz Bibliothek in Hannover. Der Landesverband Nord des B\u00f6rsenvereins des Deutschen Buchhandels vergibt das Siegel in Zusammenarbeit mit dem Kulturministerium alle zwei Jahre an Buchhandlungen, die sich insbesondere an Kinder und Jugendliche wenden. &nbsp; Branka Felba f\u00fcgte als Vorsitzende des Landesverbandes an: Die Geehrten seien mutige Buchh\u00e4ndlerinnen und Buchh\u00e4ndler, die&#8230;<\/p>\n","protected":false},"author":7,"featured_media":0,"comment_status":"false","ping_status":"open","sticky":false,"template":"","format":"standard","meta":{"footnotes":""},"categories":[43],"tags":[44],"class_list":["post-24927","post","type-post","status-publish","format-standard","hentry","category-kirche-oldenburg","tag-kirche-oldenburg"],"_links":{"self":[{"href":"https:\/\/christusnews.de\/site\/wp-json\/wp\/v2\/posts\/24927","targetHints":{"allow":["GET"]}}],"collection":[{"href":"https:\/\/christusnews.de\/site\/wp-json\/wp\/v2\/posts"}],"about":[{"href":"https:\/\/christusnews.de\/site\/wp-json\/wp\/v2\/types\/post"}],"author":[{"embeddable":true,"href":"https:\/\/christusnews.de\/site\/wp-json\/wp\/v2\/users\/7"}],"replies":[{"embeddable":true,"href":"https:\/\/christusnews.de\/site\/wp-json\/wp\/v2\/comments?post=24927"}],"version-history":[{"count":1,"href":"https:\/\/christusnews.de\/site\/wp-json\/wp\/v2\/posts\/24927\/revisions"}],"predecessor-version":[{"id":24928,"href":"https:\/\/christusnews.de\/site\/wp-json\/wp\/v2\/posts\/24927\/revisions\/24928"}],"wp:attachment":[{"href":"https:\/\/christusnews.de\/site\/wp-json\/wp\/v2\/media?parent=24927"}],"wp:term":[{"taxonomy":"category","embeddable":true,"href":"https:\/\/christusnews.de\/site\/wp-json\/wp\/v2\/categories?post=24927"},{"taxonomy":"post_tag","embeddable":true,"href":"https:\/\/christusnews.de\/site\/wp-json\/wp\/v2\/tags?post=24927"}],"curies":[{"name":"wp","href":"https:\/\/api.w.org\/{rel}","templated":true}]}}