{"id":24933,"date":"2023-08-24T09:05:00","date_gmt":"2023-08-24T07:05:00","guid":{"rendered":"https:\/\/christusnews.de\/site\/oldenburg-bekommt-evangelisch-reformierte-kirchengemeinde\/"},"modified":"2023-08-25T11:17:27","modified_gmt":"2023-08-25T09:17:27","slug":"oldenburg-bekommt-evangelisch-reformierte-kirchengemeinde","status":"publish","type":"post","link":"https:\/\/christusnews.de\/site\/oldenburg-bekommt-evangelisch-reformierte-kirchengemeinde\/","title":{"rendered":"Oldenburg bekommt evangelisch-reformierte Kirchengemeinde"},"content":{"rendered":"<p class=\"MsoPlainText\">Oldenburg\/Leer (epd). Evangelisch-reformierte Christen in Oldenburg streben f\u00fcr das kommende Jahr die Gr\u00fcndung einer eigenen Kirchengemeinde an. \u00abUnser Ziel ist es, Pfingsten 2024 in Oldenburg einen Gr\u00fcndungsgottesdienst zu feiern\u00bb, erkl\u00e4rte am Donnerstag Thomas Severiens, Vorsitzender des F\u00f6rdervereins \u00abReformiert in Stadt und Land Oldenburg\u00bb.<\/p>\n<p class=\"MsoPlainText\">&nbsp;<\/p>\n<p class=\"MsoPlainText\">Seit im Dezember 2014 in der Oldenburger Garnisonskirche zum ersten Mal ein evangelisch-reformierter Gottesdienst gefeiert wurde, begleitet der Physiker das sogenannte \u00abProjekt Reformiert in Oldenburg\u00bb. Severiens betonte nach einer Mitgliederversammlung des Vereins, sowohl die Evangelisch-reformierte Landeskirche mit Sitz in Leer als auch die Evangelisch-Lutherische Kirche in Oldenburg unterst\u00fctzten die Gr\u00fcndung.<\/p>\n<p class=\"MsoPlainText\">&nbsp;<\/p>\n<p class=\"MsoPlainText\">Im Raum Oldenburg lebten gesch\u00e4tzt 4.000 Christen, die aus evangelisch-reformierten Regionen zugezogen seien, hie\u00df es. Es gebe bereits Gottesdienste und einen eigenen Gemeindebrief. Regelm\u00e4\u00dfig treffe sich ein Bibelkreis, auch ein Besuchsdienst sei schon eingerichtet worden. Zur Evangelisch-reformierten Kirche mit Sitz in Leer geh\u00f6ren rund 159.000 Mitglieder in 143 Gemeinden zwischen Ostfriesland und dem Allg\u00e4u.<\/p>\n<p>Kirche-Oldenburg<br \/>\n<a href=\"https:\/\/www.kirche-oldenburg.de\/\/aktuell\/news-niedersachsen\/artikel\/oldenburg-bekommt-evangelisch-reformierte-kirchengemeinde\" target=\"_blank\" rel=\"noopener\">Oldenburg bekommt evangelisch-reformierte Kirchengemeinde<\/a><\/p>\n","protected":false},"excerpt":{"rendered":"<p>Oldenburg\/Leer (epd). Evangelisch-reformierte Christen in Oldenburg streben f\u00fcr das kommende Jahr die Gr\u00fcndung einer eigenen Kirchengemeinde an. \u00abUnser Ziel ist es, Pfingsten 2024 in Oldenburg einen Gr\u00fcndungsgottesdienst zu feiern\u00bb, erkl\u00e4rte am Donnerstag Thomas Severiens, Vorsitzender des F\u00f6rdervereins \u00abReformiert in Stadt und Land Oldenburg\u00bb. &nbsp; Seit im Dezember 2014 in der Oldenburger Garnisonskirche zum ersten Mal ein evangelisch-reformierter Gottesdienst gefeiert wurde, begleitet der Physiker das sogenannte \u00abProjekt Reformiert in Oldenburg\u00bb. Severiens betonte nach einer Mitgliederversammlung des Vereins, sowohl die Evangelisch-reformierte Landeskirche mit Sitz in Leer als auch die Evangelisch-Lutherische Kirche in Oldenburg unterst\u00fctzten die Gr\u00fcndung. &nbsp; Im Raum Oldenburg lebten gesch\u00e4tzt&#8230;<\/p>\n","protected":false},"author":7,"featured_media":0,"comment_status":"false","ping_status":"open","sticky":false,"template":"","format":"standard","meta":{"footnotes":""},"categories":[43],"tags":[44],"class_list":["post-24933","post","type-post","status-publish","format-standard","hentry","category-kirche-oldenburg","tag-kirche-oldenburg"],"_links":{"self":[{"href":"https:\/\/christusnews.de\/site\/wp-json\/wp\/v2\/posts\/24933","targetHints":{"allow":["GET"]}}],"collection":[{"href":"https:\/\/christusnews.de\/site\/wp-json\/wp\/v2\/posts"}],"about":[{"href":"https:\/\/christusnews.de\/site\/wp-json\/wp\/v2\/types\/post"}],"author":[{"embeddable":true,"href":"https:\/\/christusnews.de\/site\/wp-json\/wp\/v2\/users\/7"}],"replies":[{"embeddable":true,"href":"https:\/\/christusnews.de\/site\/wp-json\/wp\/v2\/comments?post=24933"}],"version-history":[{"count":1,"href":"https:\/\/christusnews.de\/site\/wp-json\/wp\/v2\/posts\/24933\/revisions"}],"predecessor-version":[{"id":24934,"href":"https:\/\/christusnews.de\/site\/wp-json\/wp\/v2\/posts\/24933\/revisions\/24934"}],"wp:attachment":[{"href":"https:\/\/christusnews.de\/site\/wp-json\/wp\/v2\/media?parent=24933"}],"wp:term":[{"taxonomy":"category","embeddable":true,"href":"https:\/\/christusnews.de\/site\/wp-json\/wp\/v2\/categories?post=24933"},{"taxonomy":"post_tag","embeddable":true,"href":"https:\/\/christusnews.de\/site\/wp-json\/wp\/v2\/tags?post=24933"}],"curies":[{"name":"wp","href":"https:\/\/api.w.org\/{rel}","templated":true}]}}