{"id":24944,"date":"2023-08-28T17:08:22","date_gmt":"2023-08-28T15:08:22","guid":{"rendered":"https:\/\/christusnews.de\/site\/vibe-festival-2023-und-was-hoerst-du\/"},"modified":"2023-08-28T23:18:05","modified_gmt":"2023-08-28T21:18:05","slug":"vibe-festival-2023-und-was-hoerst-du","status":"publish","type":"post","link":"https:\/\/christusnews.de\/site\/vibe-festival-2023-und-was-hoerst-du\/","title":{"rendered":"Vibe Festival 2023 \u2013 \u201eUnd was h\u00f6rst Du?\u201c"},"content":{"rendered":"<p>Die dritte Auflage des Wilhelmshavener VIBE Festivals pr\u00e4sentiert von Freitag, dem 1. bis Sonntag, dem 3. September an au\u00dfergew\u00f6hnlichen Orten in Wilhelmshaven besondere Konzerte rund um das Vibraphon. Nach der tollen Resonanz in den letzten beiden Jahren werden an drei Tagen in acht verschiedenen Locations neun Konzerte unter dem Motto \u201eUnd was h\u00f6rst Du?\u201c angeboten. Auch in diesem Jahr sind die Konzerte musikalisch hochkar\u00e4tig, unterschiedlich und vielseitig. Organisiert von der Christus- und Garnisonkirche sowie der Citykirche wird mit zahlreichen Wilhelmshavener Institutionen in den Projekten zusammengearbeitet. Die Unterst\u00fctzung durch F\u00f6rderer aus der Region und ganz Niedersachsen erm\u00f6glicht es, die Konzerte eintrittsfrei anzubieten. Erwartet werden wieder zahlreiche BesucherInnen jeden Alters aus dem gesamten Nordwesten. Mehr Informationen unter www.christusnews.de.<br \/>\n&nbsp; &nbsp;<br \/>\n<strong>Programm:<\/strong>&nbsp; &nbsp;<br \/>\n<strong>Freitag, 1. September<br \/>\n19 Uhr, Christus- und Garnisonkirche<br \/>\nMia Knop Jacobsen &amp; Hauke Renken und Collegium Vocale Jever<br \/>\nThe Choir Project<\/strong><\/p>\n<p>Mit einem besonderen musikalischen Leckerbissen startet das Festival in die dritte Saison: Das renommierte Berliner Duo Mia Knop Jacobsen (Gesang) &amp; Hauke Renken (Vibraphon) trifft auf den Chor Collegium Vocale Jever unter der Leitung von Simon Kasper. Gemeinsam verleihen sie ber\u00fchmten Werken der Klassik von Beethoven, Brahms oder Rachmaninow eine eigene, ganz pers\u00f6nliche Note &#8211; und das mit viel Feingef\u00fchl, Kreativit\u00e4t und untr\u00fcglichem musikalischen Instinkt. Alle Arrangements und fast alle Texte, die u. a. inspiriert sind von der Lyrik Rainer Maria Rilkes, entstammen der Musikwerkstatt des Berliner Duos. Oft geh\u00f6rte Melodien werden zu \u00fcberraschend neuen, ber\u00fchrenden, mehrstimmigen Liedern!<br \/>\n&nbsp; &nbsp;<br \/>\n<strong>Freitag, 1. September<br \/>\n21 Uhr, Gemeindehaus der Christus- und Garnisonkirche<br \/>\nJohanna Bastian &amp; Hauke Renken<br \/>\nWas h\u00f6rst du?<\/strong><br \/>\nDas neue Format \u201eWas h\u00f6rst du?\u201c mit dem Jazzvibraphonisten Hauke Renken und der klassischen Geigerin Johanna Bastian empfiehlt Musik, die beide K\u00fcnstler besonders bewegt. Dazu musizieren sie oder legen auf und mehr noch: Sie tauschen sich aus, erz\u00e4hlen und diskutieren &#8211; \u00fcber eindrucksvolle Konzerterfahrungen und das Musikerdasein, \u00fcber H\u00f6rgewohnheiten, Krisen und Lieblingsplatten. Ganz nach den klugen Worten des unvergessenen Roger Willemsen: \u201eMusik ernst nehmen hei\u00dft sie pers\u00f6nlich nehmen\u201c. Der Abend m\u00f6chte Interesse wecken an ganz unterschiedlichen Musikstilen und dazu anregen, \u00fcber Musik \u2013 und nicht nur dar\u00fcber \u2013 wieder ins Gespr\u00e4ch zu kommen &#8230; Und was h\u00f6rst du?<br \/>\n&nbsp; &nbsp;<br \/>\n<strong>Samstag, 2. September<br \/>\n15 Uhr, Grundschule Rheinstra\u00dfe<br \/>\nDuo InCanto<br \/>\nVerweile doch\u2026&nbsp; &nbsp;<\/strong><br \/>\n\u201eVerweile doch, du bist so sch\u00f6n\u201c verhei\u00dft eine musikalische Reflexion \u00fcber pers\u00f6nlich erlebte Augenblicke. Dabei wird all das zum Gegenstand, was Johanna Bastian (Violine &amp; Moderation) und Emilia Lomakova (Violoncello &amp; Gesang) aktuell besch\u00e4ftigt: Allt\u00e4gliche Beobachtungen, politisches Nachdenken, Leidenschaften, Skurrilit\u00e4ten und Sehns\u00fcchte. So entsteht ein musikalisches Journal, das Zeitgeschehnisse aufbl\u00e4ttert und zugleich eine sehr pers\u00f6nliche Handschrift tr\u00e4gt. Offenheit und Interaktion sind hierbei erw\u00fcnscht: Bewusst suchen die Musikerinnen aus Berlin und Odessa den Austausch mit dem Publikum, bewusst begeben sich hierzu an einen Ort nahe einer Unterkunft f\u00fcr Menschen aus der Ukraine.<br \/>\n&nbsp; &nbsp;<br \/>\n<strong>Samstag, 2. September<br \/>\n20 Uhr, Kulturzentrum Pumpwerk<br \/>\nChat Noir<br \/>\nZwischen Gipsy, Jazz und Swing&nbsp;<\/strong> &nbsp;<br \/>\nDiese originelle Besetzung sorgt f\u00fcr einen unverwechselbaren Sound: Chat Noir ist ein aufregend anderes Swing Quartett, bestehend aus Amadeus Chiodi (Saxophon), Hauke Renken (Vibraphon), Francois Giroux (Gitarre) und Oliver Potratz (Kontrabass). Die vier Musiker aus Deutschland, Kanada und Korsika sind allesamt K\u00f6nner auf ihren Instrumenten. Sie spielen eigene Kompositionen und Swing-Klassiker der 20er und 30er Jahre, bewegen sich leichtf\u00fc\u00dfig zwischen Gipsy, Jazz und Swing, begeistern ihr Publikum mit fantasievollen Arrangements, feurigen Improvisationen und Virtuosit\u00e4t. F\u00fcr ihr Konzert in Wilhelmshaven bringen sie au\u00dferdem \u00dcberraschungsg\u00e4ste mit!<\/p>\n<p><strong>Sonntag, 3. September<br \/>\nGottesdienste mit anschlie\u00dfenden Matineen<br \/>\n10 Uhr: St. Jakobi-Kirche Neuende<br \/>\n11 Uhr: Apostel Johannes-Kirche Altengroden<br \/>\n12 Uhr: Christus- und Garnisonkirche<\/strong><\/p>\n<p>Zu Gast in Wilhelmshavener Kirchen: Musiker des Festivals begleiten den Gottesdienst und laden im Anschluss ein zu einem Matinee-Konzert.<\/p>\n<p>In Neuende sind der korsische Saxophonist Amadeus Chiodi und der kanadische Gitarrist Francois Giroux anzutreffen. Giroux widmet sich seit Jahren intensiv dem Jazz und dem Gipsyswing, Chiodi ist auch in den Stilen Pop und Soul international gefragt. Nicht zuletzt durch die gemeinsame Arbeit in der Band Chat Noir ist das Spiel der beiden Musiker bestens aufeinander abgestimmt, ob nach bew\u00e4hrten Noten oder bei spannenden Improvisationen.<br \/>\n&nbsp; &nbsp;<br \/>\nOliver Potratz, der vielleicht vielseitigste deutsche Jazzbassist\u201c (SZ, April 2023) ist in Altengroden zu Gast. Sein Klassik-Orchesterdiplom absolvierte der Kontrabassist mit der Note \u201esehr gut\u201c, sein paralleles Jazzstudium mit dem Master of Arts \u201esumma cum laude\u201c. Seither arbeitet Potratz als Bassist, Komponist und Produzent, steht mit ber\u00fchmten Musikern, Ensembles oder Orchestern auf der B\u00fchne (im April 2023 mit Tim Fischer in Wilhelmshaven), ist auf mehr als 60 CDs zu h\u00f6ren und wurde 2021 gleich zweifach mit dem Deutschen Jazzpreis ausgezeichnet.&nbsp;<br \/>\n&nbsp; &nbsp;<br \/>\nSimon Kasper geh\u00f6rt zu den gefragtesten Musikern der Region. Einen Namen gemacht hat er sich als Chorleiter und Dirigent, als musikalischer Leiter an der Landesb\u00fchne Niedersachsen Nord oder beim Festival Klassik am Meer, und nicht zuletzt ist der Jeveraner ein hervorragender Pianist. Mit Klavierabenden, als Liedbegleiter wie auch als Solist renommierter Orchester begeisterte Kasper vielfach und so darf man sich freuen auf wunderbare Klaviermusik in der Christus- und Garnisonkirche.<br \/>\n&nbsp; &nbsp;<br \/>\n<strong>Sonntag, 3. September<br \/>\n15 Uhr, TheOs<br \/>\nLaura Saleh &amp; Anne Stabler \/ Jazz Trio&nbsp;<br \/>\n\u201eLieder der Sesamstra\u00dfe\u201c F\u00fcr Kinder von 4 bis 8 Jahren und ihre Erwachsenen&nbsp; &nbsp;<\/strong><br \/>\nDie \u201eSesamstra\u00dfe\u201c feiert ihren 50. Geburtstag im deutschen Fernsehen und wir feiern mit! Schlie\u00dflich steht die traditionsreiche Serie nicht nur f\u00fcr lehrreiches Kinderprogramm, sondern auch f\u00fcr Musik voller Witz und Verstand. Die Lieder der Sesamstra\u00dfe sind den Musikern Hauke Renken und Leon Saleh aus eigenen Kindertagen wohlvertraut und die Idee lag nah, sie f\u00fcr die Kids von heute neu zu arrangieren und damit etwas weiterzugeben von dem, was sie selbst ma\u00dfgeblich pr\u00e4gte. In dem 30- bis 45-min\u00fctigen Konzert werden Klassiker wie \u201eDer, die, das\u201c, \u201eMahna, Mahna\u201c oder \u201eErnies Quietscheentchenlied\u201c von zwei S\u00e4ngerinnen und einem Jazz Trio, bestehend aus Tilman Oberbeck (Bass), Hauke Renken (Vibraphon) und Leon Saleh (Schlagzeug), auf die B\u00fchne gebracht. Ein toller Spa\u00df f\u00fcr Klein und Gro\u00df, auch zum Mitsingen und Tanzen!<br \/>\n&nbsp; &nbsp;<br \/>\n<strong>Sonntag, 3. September<br \/>\n18 Uhr, Neuapostolische Kirche&nbsp;<br \/>\nClara Lucas &amp; Hauke Renken with Strings<br \/>\nVielsaitige Begegnung&nbsp;<\/strong><br \/>\nIm Abschlusskonzert gibt es ein Wiedersehen mit Clara Lucas und Hauke Renken. Schon 2021 beeindruckte das Duo mit klarem, brillantem Sound und einf\u00fchlsamen Interpretationen. F\u00fcr ihr neues Programm \u201eGreen\u201c haben sich die S\u00e4ngerin und der Vibraphonist nun ein Streichsextett an die Seite geholt, um als achtk\u00f6pfiges Ensemble mit ihren liebsten Jazzst\u00fccken sowie Songs von Paul Simon oder Michel Legrand zu verw\u00f6hnen. Auch erinnern sie an gro\u00dfe Musiker wie Billie Holiday, Melody Gardot oder sogar Richard Wagner. Und nicht zuletzt stehen eigene St\u00fccke auf dem Programm: Musik, die ebenso fr\u00f6hlich wie traurig, anr\u00fchrend und eing\u00e4ngig wie besonders ist. Die K\u00f6lnerin und der Friese verstehen es, mit ihrer entspannten Art jede Performance zu einem intimen und einzigartigen Erlebnis zu machen!<br \/>\n&nbsp; &nbsp;<\/p>\n<p>Kirche-Oldenburg<br \/>\n<a href=\"https:\/\/www.kirche-oldenburg.de\/\/aktuell\/aus-den-kirchenkreisen\/artikel\/vibe-festival-2023-und-was-hoerst-du\" target=\"_blank\" rel=\"noopener\">Vibe Festival 2023 \u2013 \u201eUnd was h\u00f6rst Du?\u201c<\/a><\/p>\n","protected":false},"excerpt":{"rendered":"<p>Die dritte Auflage des Wilhelmshavener VIBE Festivals pr\u00e4sentiert von Freitag, dem 1. bis Sonntag, dem 3. September an au\u00dfergew\u00f6hnlichen Orten in Wilhelmshaven besondere Konzerte rund um das Vibraphon. Nach der tollen Resonanz in den letzten beiden Jahren werden an drei Tagen in acht verschiedenen Locations neun Konzerte unter dem Motto \u201eUnd was h\u00f6rst Du?\u201c angeboten. Auch in diesem Jahr sind die Konzerte musikalisch hochkar\u00e4tig, unterschiedlich und vielseitig. Organisiert von der Christus- und Garnisonkirche sowie der Citykirche wird mit zahlreichen Wilhelmshavener Institutionen in den Projekten zusammengearbeitet. Die Unterst\u00fctzung durch F\u00f6rderer aus der Region und ganz Niedersachsen erm\u00f6glicht es, die Konzerte eintrittsfrei&#8230;<\/p>\n","protected":false},"author":7,"featured_media":0,"comment_status":"false","ping_status":"open","sticky":false,"template":"","format":"standard","meta":{"footnotes":""},"categories":[43],"tags":[44],"class_list":["post-24944","post","type-post","status-publish","format-standard","hentry","category-kirche-oldenburg","tag-kirche-oldenburg"],"_links":{"self":[{"href":"https:\/\/christusnews.de\/site\/wp-json\/wp\/v2\/posts\/24944","targetHints":{"allow":["GET"]}}],"collection":[{"href":"https:\/\/christusnews.de\/site\/wp-json\/wp\/v2\/posts"}],"about":[{"href":"https:\/\/christusnews.de\/site\/wp-json\/wp\/v2\/types\/post"}],"author":[{"embeddable":true,"href":"https:\/\/christusnews.de\/site\/wp-json\/wp\/v2\/users\/7"}],"replies":[{"embeddable":true,"href":"https:\/\/christusnews.de\/site\/wp-json\/wp\/v2\/comments?post=24944"}],"version-history":[{"count":1,"href":"https:\/\/christusnews.de\/site\/wp-json\/wp\/v2\/posts\/24944\/revisions"}],"predecessor-version":[{"id":24945,"href":"https:\/\/christusnews.de\/site\/wp-json\/wp\/v2\/posts\/24944\/revisions\/24945"}],"wp:attachment":[{"href":"https:\/\/christusnews.de\/site\/wp-json\/wp\/v2\/media?parent=24944"}],"wp:term":[{"taxonomy":"category","embeddable":true,"href":"https:\/\/christusnews.de\/site\/wp-json\/wp\/v2\/categories?post=24944"},{"taxonomy":"post_tag","embeddable":true,"href":"https:\/\/christusnews.de\/site\/wp-json\/wp\/v2\/tags?post=24944"}],"curies":[{"name":"wp","href":"https:\/\/api.w.org\/{rel}","templated":true}]}}