{"id":24946,"date":"2023-08-28T17:00:31","date_gmt":"2023-08-28T15:00:31","guid":{"rendered":"https:\/\/christusnews.de\/site\/frieslandvisionen-justizministerin-kathrin-wahlmann-in-varel\/"},"modified":"2023-08-28T23:18:06","modified_gmt":"2023-08-28T21:18:06","slug":"frieslandvisionen-justizministerin-kathrin-wahlmann-in-varel","status":"publish","type":"post","link":"https:\/\/christusnews.de\/site\/frieslandvisionen-justizministerin-kathrin-wahlmann-in-varel\/","title":{"rendered":"FrieslandVisionen: Justizministerin Kathrin Wahlmann in Varel"},"content":{"rendered":"<p>In der Sommerreihe des Demokratieprojektes \u201eFrieslandVisionen\u201c wird am Donnerstag, 31. August, Dr. Kathrin Wahlmann, Justizministerin des Landes Niedersachsen, im Forum Alte Kirche, Osterstr. 5, 26316 Varel, erwartet.<\/p>\n<p>Sie wird unter dem Titel \u201eZehn Reden f\u00fcr unser Leben an der K\u00fcste: Wie wollen wir morgen leben?\u201c eine Grundsatzrede \u00fcber Ihre Zukunftsvisionen halten. Ein Wort zum Ort spricht B\u00fcrgermeister Gerd-Christian Wagner (Stadt Varel). Der Posaunenchor Jever gestaltet die Abendveranstaltung unter der Leitung von Kreiskantor Klaus Wedel (Kirchenkreis Friesland-Wilhelmshaven) musikalisch.<br \/>\n&nbsp; &nbsp;<br \/>\nKreissynodenvorsitzende Ingrid Klebingat (Kirchenkreis Friesland-Wilhelmshaven) und Br. Franziskus Aaron (Rogate-Kloster) moderieren die Veranstaltung. Pastoralreferent Klaus Elfert (St. Bonifatius) spricht ein Gebet und eine Segensbitte in der ehemaligen katholischen Kirche.<br \/>\n&nbsp; &nbsp;<br \/>\nDie zehnteilige Vortragsreihe der FrieslandVisionen ist offizieller Teil des Festprogramms zum 90j\u00e4hrigen Bestehen des Landkreises. Mitveranstalter sind der Ev.-luth. Kirchenkreis Friesland-Wilhelmshaven, die Volkshochschule und Musikschule Friesland-Wittmund, das Rogate-Kloster Sankt Michael und der Beauftragte f\u00fcr den interreligi\u00f6sen Dialog des Landkreises.<br \/>\n&nbsp; &nbsp;<br \/>\nDie FrieslandVisionen werden durch das F\u00f6rder- und Qualifizierungsprogramm \u201eMITEINANDER REDEN \u2013 Gespr\u00e4che gestalten \u2013 Gemeinsam handeln\u201c f\u00fcr Akteurinnen und Akteure in l\u00e4ndlichen R\u00e4umen durch die Bundeszentrale f\u00fcr politische Bildung gef\u00f6rdert. Initiator und Projektleiter ist Bruder Franziskus.<br \/>\n&nbsp; &nbsp;<br \/>\nWeitere Informationen: <a href=\"www.FrieslandVisionen.de\">www.FrieslandVisionen.de<\/a><\/p>\n<p>Kirche-Oldenburg<br \/>\n<a href=\"https:\/\/www.kirche-oldenburg.de\/\/aktuell\/aus-den-kirchenkreisen\/artikel\/frieslandvisionen-justizministerin-kathrin-wahlmann-in-varel\" target=\"_blank\" rel=\"noopener\">FrieslandVisionen: Justizministerin Kathrin Wahlmann in Varel<\/a><\/p>\n","protected":false},"excerpt":{"rendered":"<p>In der Sommerreihe des Demokratieprojektes \u201eFrieslandVisionen\u201c wird am Donnerstag, 31. August, Dr. Kathrin Wahlmann, Justizministerin des Landes Niedersachsen, im Forum Alte Kirche, Osterstr. 5, 26316 Varel, erwartet. Sie wird unter dem Titel \u201eZehn Reden f\u00fcr unser Leben an der K\u00fcste: Wie wollen wir morgen leben?\u201c eine Grundsatzrede \u00fcber Ihre Zukunftsvisionen halten. Ein Wort zum Ort spricht B\u00fcrgermeister Gerd-Christian Wagner (Stadt Varel). Der Posaunenchor Jever gestaltet die Abendveranstaltung unter der Leitung von Kreiskantor Klaus Wedel (Kirchenkreis Friesland-Wilhelmshaven) musikalisch. &nbsp; &nbsp; Kreissynodenvorsitzende Ingrid Klebingat (Kirchenkreis Friesland-Wilhelmshaven) und Br. Franziskus Aaron (Rogate-Kloster) moderieren die Veranstaltung. Pastoralreferent Klaus Elfert (St. Bonifatius) spricht ein Gebet&#8230;<\/p>\n","protected":false},"author":7,"featured_media":0,"comment_status":"false","ping_status":"open","sticky":false,"template":"","format":"standard","meta":{"footnotes":""},"categories":[43],"tags":[44],"class_list":["post-24946","post","type-post","status-publish","format-standard","hentry","category-kirche-oldenburg","tag-kirche-oldenburg"],"_links":{"self":[{"href":"https:\/\/christusnews.de\/site\/wp-json\/wp\/v2\/posts\/24946","targetHints":{"allow":["GET"]}}],"collection":[{"href":"https:\/\/christusnews.de\/site\/wp-json\/wp\/v2\/posts"}],"about":[{"href":"https:\/\/christusnews.de\/site\/wp-json\/wp\/v2\/types\/post"}],"author":[{"embeddable":true,"href":"https:\/\/christusnews.de\/site\/wp-json\/wp\/v2\/users\/7"}],"replies":[{"embeddable":true,"href":"https:\/\/christusnews.de\/site\/wp-json\/wp\/v2\/comments?post=24946"}],"version-history":[{"count":1,"href":"https:\/\/christusnews.de\/site\/wp-json\/wp\/v2\/posts\/24946\/revisions"}],"predecessor-version":[{"id":24947,"href":"https:\/\/christusnews.de\/site\/wp-json\/wp\/v2\/posts\/24946\/revisions\/24947"}],"wp:attachment":[{"href":"https:\/\/christusnews.de\/site\/wp-json\/wp\/v2\/media?parent=24946"}],"wp:term":[{"taxonomy":"category","embeddable":true,"href":"https:\/\/christusnews.de\/site\/wp-json\/wp\/v2\/categories?post=24946"},{"taxonomy":"post_tag","embeddable":true,"href":"https:\/\/christusnews.de\/site\/wp-json\/wp\/v2\/tags?post=24946"}],"curies":[{"name":"wp","href":"https:\/\/api.w.org\/{rel}","templated":true}]}}