{"id":24948,"date":"2023-08-28T16:48:21","date_gmt":"2023-08-28T14:48:21","guid":{"rendered":"https:\/\/christusnews.de\/site\/friedensgebet-fuer-die-ukraine\/"},"modified":"2023-08-28T23:18:06","modified_gmt":"2023-08-28T21:18:06","slug":"friedensgebet-fuer-die-ukraine","status":"publish","type":"post","link":"https:\/\/christusnews.de\/site\/friedensgebet-fuer-die-ukraine\/","title":{"rendered":"Friedensgebet f\u00fcr die Ukraine"},"content":{"rendered":"<p>Wilhelmshavener Kirchengemeinden laden am Dienstag, 29. August, zum monatlichen \u00f6kumenischen Friedensgebet anl\u00e4sslich des \u00dcberfalls Russlands auf die Ukraine ein. Beginn ist um 18 Uhr in der St. Willehadkirche, Bremer Stra\u00dfe 53, 26382 Wilhelmshaven.<br \/>\n&nbsp; &nbsp; &nbsp;<br \/>\nEinen inhaltlichen Impuls in der Andacht setzt Theologin und Diakonie-Migrationsberaterin Heide Gr\u00fcnefeld. Die Liturgie gestalten Bezirksevangelist Eike Rosentreter (Neuapostolische Kirche), Pater Philimon (St. Maria und St. Mauritius), Br. Franziskus (Rogate-Kloster), Pastoralreferentin Daniela Surmann und Dechant Andreas Bolten (beide St. Willehad). Kirchenmusiker Gerrit Junge (Neuapostolische Kirche) leitet ein musikalisches Ensemble seiner Gemeinde und spielt die Orgel.<br \/>\n&nbsp; &nbsp;<br \/>\nDie Gemeinden der St. Willehad-, der St. Maria und St. Mauritius-, der Neuapostolischen, der Banter und der Luther-Kirche sowie die Caritas im Dekanat Wilhelmshaven, das Diakonische Werk Friesland-Wilhelmshaven laden auf Initiative des Rogate-Klosters Sankt Michael seit Kriegsbeginn im Februar 2022 zu den interkonfessionellen Friedensgottesdiensten ein.<br \/>\n&nbsp; &nbsp;<br \/>\nDie Andacht wird live auf den Youtubekanal der Gemeinde gestreamt: <a href=\"youtube.com\/@sanktwillehad\">youtube.com\/@sanktwillehad<\/a><\/p>\n<p>Kirche-Oldenburg<br \/>\n<a href=\"https:\/\/www.kirche-oldenburg.de\/\/aktuell\/aus-den-kirchenkreisen\/artikel\/friedensgebet-fuer-die-ukraine\" target=\"_blank\" rel=\"noopener\">Friedensgebet f\u00fcr die Ukraine<\/a><\/p>\n","protected":false},"excerpt":{"rendered":"<p>Wilhelmshavener Kirchengemeinden laden am Dienstag, 29. August, zum monatlichen \u00f6kumenischen Friedensgebet anl\u00e4sslich des \u00dcberfalls Russlands auf die Ukraine ein. Beginn ist um 18 Uhr in der St. Willehadkirche, Bremer Stra\u00dfe 53, 26382 Wilhelmshaven. &nbsp; &nbsp; &nbsp; Einen inhaltlichen Impuls in der Andacht setzt Theologin und Diakonie-Migrationsberaterin Heide Gr\u00fcnefeld. Die Liturgie gestalten Bezirksevangelist Eike Rosentreter (Neuapostolische Kirche), Pater Philimon (St. Maria und St. Mauritius), Br. Franziskus (Rogate-Kloster), Pastoralreferentin Daniela Surmann und Dechant Andreas Bolten (beide St. Willehad). Kirchenmusiker Gerrit Junge (Neuapostolische Kirche) leitet ein musikalisches Ensemble seiner Gemeinde und spielt die Orgel. &nbsp; &nbsp; Die Gemeinden der St. Willehad-, der St&#8230;.<\/p>\n","protected":false},"author":7,"featured_media":0,"comment_status":"false","ping_status":"open","sticky":false,"template":"","format":"standard","meta":{"footnotes":""},"categories":[43],"tags":[44],"class_list":["post-24948","post","type-post","status-publish","format-standard","hentry","category-kirche-oldenburg","tag-kirche-oldenburg"],"_links":{"self":[{"href":"https:\/\/christusnews.de\/site\/wp-json\/wp\/v2\/posts\/24948","targetHints":{"allow":["GET"]}}],"collection":[{"href":"https:\/\/christusnews.de\/site\/wp-json\/wp\/v2\/posts"}],"about":[{"href":"https:\/\/christusnews.de\/site\/wp-json\/wp\/v2\/types\/post"}],"author":[{"embeddable":true,"href":"https:\/\/christusnews.de\/site\/wp-json\/wp\/v2\/users\/7"}],"replies":[{"embeddable":true,"href":"https:\/\/christusnews.de\/site\/wp-json\/wp\/v2\/comments?post=24948"}],"version-history":[{"count":1,"href":"https:\/\/christusnews.de\/site\/wp-json\/wp\/v2\/posts\/24948\/revisions"}],"predecessor-version":[{"id":24949,"href":"https:\/\/christusnews.de\/site\/wp-json\/wp\/v2\/posts\/24948\/revisions\/24949"}],"wp:attachment":[{"href":"https:\/\/christusnews.de\/site\/wp-json\/wp\/v2\/media?parent=24948"}],"wp:term":[{"taxonomy":"category","embeddable":true,"href":"https:\/\/christusnews.de\/site\/wp-json\/wp\/v2\/categories?post=24948"},{"taxonomy":"post_tag","embeddable":true,"href":"https:\/\/christusnews.de\/site\/wp-json\/wp\/v2\/tags?post=24948"}],"curies":[{"name":"wp","href":"https:\/\/api.w.org\/{rel}","templated":true}]}}