{"id":24950,"date":"2023-08-27T14:11:00","date_gmt":"2023-08-27T12:11:00","guid":{"rendered":"https:\/\/christusnews.de\/site\/regionalbischof-detlef-klahr-in-den-in-ruhestand-verabschiedet\/"},"modified":"2023-08-28T23:18:06","modified_gmt":"2023-08-28T21:18:06","slug":"regionalbischof-detlef-klahr-in-den-in-ruhestand-verabschiedet","status":"publish","type":"post","link":"https:\/\/christusnews.de\/site\/regionalbischof-detlef-klahr-in-den-in-ruhestand-verabschiedet\/","title":{"rendered":"Regionalbischof Detlef Klahr in den in Ruhestand verabschiedet"},"content":{"rendered":"<p class=\"MsoPlainText\">Emden (epd). Der Regionalbischof des Evangelisch-lutherischen Sprengels Ostfriesland-Ems, Detlef Klahr, ist am Sonntag in den Ruhestand getreten. Landesbischof Ralf Meister entpflichtete den 65-J\u00e4hrigen in der Emder Martin-Luther-Kirche von dessen \u00c4mtern. Klahr habe in fr\u00f6hlicher Heiterkeit, positiver Lebenszuwendung und \u00abl\u00e4ssiger Ignoranz gegen\u00fcber jedem Formalismus\u00bb das geistliche Leben und die Dienstgemeinschaft innerhalb des Sprengels gepr\u00e4gt, sagte der Landesbischof. \u00abDeine ehrliche Zugewandtheit, die fr\u00f6hliche, liebevolle Herzlichkeit hat viele Menschen ber\u00fchrt.\u00bb<\/p>\n<p class=\"MsoPlainText\">&nbsp;<\/p>\n<p class=\"MsoPlainText\">In seiner Abschiedspredigt zog Kahr ein positives Res\u00fcmee seiner fast 16-j\u00e4hrigen Amtszeit als Regionalbischof. Im Sprengel habe er immer wieder gesehen, wie Menschen den Auftrag der Kirche erf\u00fcllten: \u00abSolidarit\u00e4t mit denen, die es n\u00f6tig haben. Einsatz f\u00fcr die, die es alleine nicht schaffen k\u00f6nnen. Die Stimme erheben f\u00fcr die, deren Stimme nicht oder nicht mehr geh\u00f6rt wird. Annehmen und begleiten, Teilhabe erm\u00f6glichen\u00bb &#8211; so h\u00e4tten viele Menschen in den Gemeinden die Kraft und die Hoffnung des Glaubens sichtbar werden lassen.<\/p>\n<p class=\"MsoPlainText\">&nbsp;<\/p>\n<p class=\"MsoPlainText\">In einem Gru\u00dfwort w\u00fcrdigte die Vizepr\u00e4sidentin des Nieders\u00e4chsischen Landtags, Barbara Otte-Kinast (CDU), Klahrs Engagement zu schwierigen und aktuellen politischen Themen, wie etwa zu Fragen zu Europa, zum Umgang mit Fl\u00fcchtlingen oder zur Sterbehilfe. \u00abSie haben es vermocht, Vertreterinnen und Vertreter unterschiedlichster Ebenen aus Politik und Gesellschaft an einen Tisch zu bringen, um positive Entwicklungen voranzubringen.\u00bb Der Pr\u00e4sident der Ostfriesischen Landschaft, Rico Mecklenburg, f\u00fcgte hinzu: \u00abIhre Leidenschaft f\u00fcr den Glauben und Ihre Liebe zu den Menschen Ostfrieslands haben uns alle ber\u00fchrt und inspiriert.\u00bb<\/p>\n<p class=\"MsoPlainText\">&nbsp;<\/p>\n<p class=\"MsoPlainText\">Klahr wird demn\u00e4chst nach Hannover ziehen. Seine Nachfolge ist bisher ungekl\u00e4rt. Die Stelle ist bundesweit ausgeschrieben, die Entscheidung aber bisher nicht gefallen.<\/p>\n<p>Kirche-Oldenburg<br \/>\n<a href=\"https:\/\/www.kirche-oldenburg.de\/\/aktuell\/news-niedersachsen\/artikel\/regionalbischof-detlef-klahr-in-den-in-ruhestand-verabschiedet\" target=\"_blank\" rel=\"noopener\">Regionalbischof Detlef Klahr in den in Ruhestand verabschiedet<\/a><\/p>\n","protected":false},"excerpt":{"rendered":"<p>Emden (epd). Der Regionalbischof des Evangelisch-lutherischen Sprengels Ostfriesland-Ems, Detlef Klahr, ist am Sonntag in den Ruhestand getreten. Landesbischof Ralf Meister entpflichtete den 65-J\u00e4hrigen in der Emder Martin-Luther-Kirche von dessen \u00c4mtern. Klahr habe in fr\u00f6hlicher Heiterkeit, positiver Lebenszuwendung und \u00abl\u00e4ssiger Ignoranz gegen\u00fcber jedem Formalismus\u00bb das geistliche Leben und die Dienstgemeinschaft innerhalb des Sprengels gepr\u00e4gt, sagte der Landesbischof. \u00abDeine ehrliche Zugewandtheit, die fr\u00f6hliche, liebevolle Herzlichkeit hat viele Menschen ber\u00fchrt.\u00bb &nbsp; In seiner Abschiedspredigt zog Kahr ein positives Res\u00fcmee seiner fast 16-j\u00e4hrigen Amtszeit als Regionalbischof. Im Sprengel habe er immer wieder gesehen, wie Menschen den Auftrag der Kirche erf\u00fcllten: \u00abSolidarit\u00e4t mit denen, die&#8230;<\/p>\n","protected":false},"author":7,"featured_media":0,"comment_status":"false","ping_status":"open","sticky":false,"template":"","format":"standard","meta":{"footnotes":""},"categories":[43],"tags":[44],"class_list":["post-24950","post","type-post","status-publish","format-standard","hentry","category-kirche-oldenburg","tag-kirche-oldenburg"],"_links":{"self":[{"href":"https:\/\/christusnews.de\/site\/wp-json\/wp\/v2\/posts\/24950","targetHints":{"allow":["GET"]}}],"collection":[{"href":"https:\/\/christusnews.de\/site\/wp-json\/wp\/v2\/posts"}],"about":[{"href":"https:\/\/christusnews.de\/site\/wp-json\/wp\/v2\/types\/post"}],"author":[{"embeddable":true,"href":"https:\/\/christusnews.de\/site\/wp-json\/wp\/v2\/users\/7"}],"replies":[{"embeddable":true,"href":"https:\/\/christusnews.de\/site\/wp-json\/wp\/v2\/comments?post=24950"}],"version-history":[{"count":1,"href":"https:\/\/christusnews.de\/site\/wp-json\/wp\/v2\/posts\/24950\/revisions"}],"predecessor-version":[{"id":24951,"href":"https:\/\/christusnews.de\/site\/wp-json\/wp\/v2\/posts\/24950\/revisions\/24951"}],"wp:attachment":[{"href":"https:\/\/christusnews.de\/site\/wp-json\/wp\/v2\/media?parent=24950"}],"wp:term":[{"taxonomy":"category","embeddable":true,"href":"https:\/\/christusnews.de\/site\/wp-json\/wp\/v2\/categories?post=24950"},{"taxonomy":"post_tag","embeddable":true,"href":"https:\/\/christusnews.de\/site\/wp-json\/wp\/v2\/tags?post=24950"}],"curies":[{"name":"wp","href":"https:\/\/api.w.org\/{rel}","templated":true}]}}