{"id":24954,"date":"2023-08-26T14:08:00","date_gmt":"2023-08-26T12:08:00","guid":{"rendered":"https:\/\/christusnews.de\/site\/lehrerpraesident-sieht-ki-dauerhaft-an-jeder-schule\/"},"modified":"2023-08-28T23:18:07","modified_gmt":"2023-08-28T21:18:07","slug":"lehrerpraesident-sieht-ki-dauerhaft-an-jeder-schule","status":"publish","type":"post","link":"https:\/\/christusnews.de\/site\/lehrerpraesident-sieht-ki-dauerhaft-an-jeder-schule\/","title":{"rendered":"Lehrerpr\u00e4sident sieht KI dauerhaft an jeder Schule"},"content":{"rendered":"<p class=\"MsoPlainText\">Braunschweig\/Berlin (epd). K\u00fcnstliche Intelligenz muss nach Ansicht des neuen Pr\u00e4sidenten des Deutschen Lehrerverbands, Stefan D\u00fcll, dauerhaft einen Platz an Schulen haben. \u00abWir k\u00f6nnen Schule nicht von der digitalen Welt abtrennen\u00bb, sagte D\u00fcll den Zeitungen der Funke Mediengruppe (Sonnabend). Er wandte sich gegen Alarmismus und Panikmache. \u00abWir m\u00fcssen auch mit einer gewissen Zuversicht rangehen, den Kindern die Chancen zeigen und es auch im Unterricht anwenden\u00bb, betonte er.<\/p>\n<p class=\"MsoPlainText\">&nbsp;<\/p>\n<p class=\"MsoPlainText\">Die Pandemie habe einen \u00abriesigen Sprung\u00bb in der Digitalisierung der Schulen verursacht, sagte D\u00fcll. \u00abAlle haben aufger\u00fcstet.\u00bb Jetzt m\u00fcsse der Digitalpakt 2 kommen, um diese Entwicklung nicht zu unterbrechen, forderte er.&nbsp;<\/p>\n<p class=\"MsoPlainText\">&nbsp;<\/p>\n<p class=\"MsoPlainText\">Die Deutschlehrer an seiner Schule w\u00fcrden bereits mit ChatGPT im Unterricht arbeiten, sagte D\u00fcll, der Schulleiter des Justus-von-Liebig-Gymnasiums im bayerischen Neus\u00e4\u00df ist. \u00abDie Aufgabe ist dann zum Beispiel, schreib ein Barock-Gedicht mit diesem Thema, mit diesen Worten. Und dann wird das Ergebnis verglichen mit dem Original-Gryphius-Gedicht.\u00bb \u00c4hnlich k\u00f6nne man mit einem Bericht oder einer Rede verfahren. \u00abDaf\u00fcr muss man den jungen Menschen ja auch erst mal beibringen, was einen guten Text ausmacht\u00bb, erkl\u00e4rte der P\u00e4dagoge.<\/p>\n<p class=\"MsoPlainText\">&nbsp;<\/p>\n<p class=\"MsoPlainText\">Seinen Versuch, seine diesj\u00e4hrige Abiturrede mit ChatGPT zu schreiben, habe er aber wieder aufgegeben, r\u00e4umte D\u00fcll ein. \u00abDas st\u00e4ndige Nacharbeiten mit neuen Auftr\u00e4gen an die KI war mir irgendwann zu bl\u00f6d. Ich muss mich da noch mehr einarbeiten.\u00bb<\/p>\n<p>Kirche-Oldenburg<br \/>\n<a href=\"https:\/\/www.kirche-oldenburg.de\/\/aktuell\/news-niedersachsen\/artikel\/lehrerpraesident-sieht-ki-dauerhaft-an-jeder-schule\" target=\"_blank\" rel=\"noopener\">Lehrerpr\u00e4sident sieht KI dauerhaft an jeder Schule<\/a><\/p>\n","protected":false},"excerpt":{"rendered":"<p>Braunschweig\/Berlin (epd). K\u00fcnstliche Intelligenz muss nach Ansicht des neuen Pr\u00e4sidenten des Deutschen Lehrerverbands, Stefan D\u00fcll, dauerhaft einen Platz an Schulen haben. \u00abWir k\u00f6nnen Schule nicht von der digitalen Welt abtrennen\u00bb, sagte D\u00fcll den Zeitungen der Funke Mediengruppe (Sonnabend). Er wandte sich gegen Alarmismus und Panikmache. \u00abWir m\u00fcssen auch mit einer gewissen Zuversicht rangehen, den Kindern die Chancen zeigen und es auch im Unterricht anwenden\u00bb, betonte er. &nbsp; Die Pandemie habe einen \u00abriesigen Sprung\u00bb in der Digitalisierung der Schulen verursacht, sagte D\u00fcll. \u00abAlle haben aufger\u00fcstet.\u00bb Jetzt m\u00fcsse der Digitalpakt 2 kommen, um diese Entwicklung nicht zu unterbrechen, forderte er.&nbsp; &nbsp; Die&#8230;<\/p>\n","protected":false},"author":7,"featured_media":0,"comment_status":"false","ping_status":"open","sticky":false,"template":"","format":"standard","meta":{"footnotes":""},"categories":[43],"tags":[44],"class_list":["post-24954","post","type-post","status-publish","format-standard","hentry","category-kirche-oldenburg","tag-kirche-oldenburg"],"_links":{"self":[{"href":"https:\/\/christusnews.de\/site\/wp-json\/wp\/v2\/posts\/24954","targetHints":{"allow":["GET"]}}],"collection":[{"href":"https:\/\/christusnews.de\/site\/wp-json\/wp\/v2\/posts"}],"about":[{"href":"https:\/\/christusnews.de\/site\/wp-json\/wp\/v2\/types\/post"}],"author":[{"embeddable":true,"href":"https:\/\/christusnews.de\/site\/wp-json\/wp\/v2\/users\/7"}],"replies":[{"embeddable":true,"href":"https:\/\/christusnews.de\/site\/wp-json\/wp\/v2\/comments?post=24954"}],"version-history":[{"count":1,"href":"https:\/\/christusnews.de\/site\/wp-json\/wp\/v2\/posts\/24954\/revisions"}],"predecessor-version":[{"id":24955,"href":"https:\/\/christusnews.de\/site\/wp-json\/wp\/v2\/posts\/24954\/revisions\/24955"}],"wp:attachment":[{"href":"https:\/\/christusnews.de\/site\/wp-json\/wp\/v2\/media?parent=24954"}],"wp:term":[{"taxonomy":"category","embeddable":true,"href":"https:\/\/christusnews.de\/site\/wp-json\/wp\/v2\/categories?post=24954"},{"taxonomy":"post_tag","embeddable":true,"href":"https:\/\/christusnews.de\/site\/wp-json\/wp\/v2\/tags?post=24954"}],"curies":[{"name":"wp","href":"https:\/\/api.w.org\/{rel}","templated":true}]}}