{"id":24966,"date":"2023-08-30T08:32:00","date_gmt":"2023-08-30T06:32:00","guid":{"rendered":"https:\/\/christusnews.de\/site\/der-sommer-war-sehr-gross\/"},"modified":"2023-08-30T11:18:44","modified_gmt":"2023-08-30T09:18:44","slug":"der-sommer-war-sehr-gross","status":"publish","type":"post","link":"https:\/\/christusnews.de\/site\/der-sommer-war-sehr-gross\/","title":{"rendered":"Der Sommer war sehr gro\u00df"},"content":{"rendered":"<p>Nach den beiden Corona-Jahren haben in diesem Sommer mehr als 50 Ehrenamtliche und \u201eTeamer:innen\u201c die kirchliche Campingarbeit durchgef\u00fchrt. &nbsp;Unter der Leitung von Diakon Volker Pickrun ging es mit \u201eKirche unterwegs\u201c an zwei Standorte in Hooksiel und Schillig. Sechs verschiedene Teams aus acht Personen haben die jeweils zweiw\u00f6chigen Eins\u00e4tze vorbereitet, koordiniert und durchgef\u00fchrt. Zw\u00f6lf Gottesdienste und 48 Andachten wurden gefeiert, es gab drei Grillabende, 48 \u201eGute-Nacht-Geschichten\u201c und 28 Kindervormittage. Rund 3.500 Teilnehmende wurden gez\u00e4hlt.&nbsp;<br \/>\n&nbsp; &nbsp;<br \/>\nTrotz des eher schlechten Wetters (oder wegen?) war im Zelt und auf der Wiese \u201eimmer viel los\u201c, es wurde gelacht, gespielt, geredet und zugeh\u00f6rt. Immer wieder wurden die Ehrenamtlichen auch au\u00dferhalb ihres Dienstes auf ihr Engagement angesprochen und gelobt. Zwei \u201eausgewachsene Sommerst\u00fcrme\u201c mit starkem Regen wurden \u201ebew\u00e4ltigt\u201c, Zelt und Wohnwagen hielten dem Wetter Stand \u2013 Gott sei Dank! Unz\u00e4hlig war die Zahl an Begegnungen und Gespr\u00e4chen: Seelsorge \u201erund um die Uhr\u201c.&nbsp;<br \/>\n&nbsp; &nbsp;<br \/>\nDunkle Regenwolken, aufbrechende Sonnenstrahlen und zwischendurch hier und dort ein Regenbogen. Gott war dabei. Kinder sa\u00dfen mit ihren Eltern um ein Feuer und hielten ihr Stockbrot \u00fcber die Flamme. Es waren immer wieder Momente gro\u00dfer N\u00e4he zu sp\u00fcren. Gemeinschaftliche Spiel mit Schwungtuch und Schminke, st\u00e4rkendes Fr\u00fchst\u00fcck oder das laute Loben Gottes mit Gesang und Gitarre waren zu sehen und zu h\u00f6ren. Kinder und Erwachsene lie\u00dfen sich von biblischen Geschichten und phantasievollen Bez\u00fcgen auf unseren Alltag st\u00e4rken. &nbsp;<br \/>\n&nbsp; &nbsp;<br \/>\nUnd wie geht es weiter? Bereits im sp\u00e4ten Herbst gehen die Vorbereitungen f\u00fcr das Jahr 2024 los. Wohnwagen m\u00fcssen zum T\u00dcV, Materialien m\u00fcssen repariert oder neu angeschafft werden. Ehrenamtliche m\u00fcssen gefunden und angesprochen werden. Es gibt Fortbildungen und neue Ideen f\u00fcr die Praxis. Auch kommen \u00dcberlegungen in den Blick, den Dienst nach Dangast und an den Falkensteinsee (Ganderkesee) auszuweiten \u2013 vorausgesetzt alle machen mit.&nbsp;<br \/>\n&nbsp; &nbsp;<br \/>\n<em>Ein Beitrag von Diakon Volker Pickrun, \u201eKirche unterwegs\u201c und Pfarrer Dr. Stefan Welz, Kirche im Tourismus.<\/em><\/p>\n<p>Kirche-Oldenburg<br \/>\n<a href=\"https:\/\/www.kirche-oldenburg.de\/\/aktuell\/pressemitteilungen\/artikel\/der-sommer-war-sehr-gross\" target=\"_blank\" rel=\"noopener\">Der Sommer war sehr gro\u00df<\/a><\/p>\n","protected":false},"excerpt":{"rendered":"<p>Nach den beiden Corona-Jahren haben in diesem Sommer mehr als 50 Ehrenamtliche und \u201eTeamer:innen\u201c die kirchliche Campingarbeit durchgef\u00fchrt. &nbsp;Unter der Leitung von Diakon Volker Pickrun ging es mit \u201eKirche unterwegs\u201c an zwei Standorte in Hooksiel und Schillig. Sechs verschiedene Teams aus acht Personen haben die jeweils zweiw\u00f6chigen Eins\u00e4tze vorbereitet, koordiniert und durchgef\u00fchrt. Zw\u00f6lf Gottesdienste und 48 Andachten wurden gefeiert, es gab drei Grillabende, 48 \u201eGute-Nacht-Geschichten\u201c und 28 Kindervormittage. Rund 3.500 Teilnehmende wurden gez\u00e4hlt.&nbsp; &nbsp; &nbsp; Trotz des eher schlechten Wetters (oder wegen?) war im Zelt und auf der Wiese \u201eimmer viel los\u201c, es wurde gelacht, gespielt, geredet und zugeh\u00f6rt. Immer&#8230;<\/p>\n","protected":false},"author":7,"featured_media":0,"comment_status":"false","ping_status":"open","sticky":false,"template":"","format":"standard","meta":{"footnotes":""},"categories":[43],"tags":[44],"class_list":["post-24966","post","type-post","status-publish","format-standard","hentry","category-kirche-oldenburg","tag-kirche-oldenburg"],"_links":{"self":[{"href":"https:\/\/christusnews.de\/site\/wp-json\/wp\/v2\/posts\/24966","targetHints":{"allow":["GET"]}}],"collection":[{"href":"https:\/\/christusnews.de\/site\/wp-json\/wp\/v2\/posts"}],"about":[{"href":"https:\/\/christusnews.de\/site\/wp-json\/wp\/v2\/types\/post"}],"author":[{"embeddable":true,"href":"https:\/\/christusnews.de\/site\/wp-json\/wp\/v2\/users\/7"}],"replies":[{"embeddable":true,"href":"https:\/\/christusnews.de\/site\/wp-json\/wp\/v2\/comments?post=24966"}],"version-history":[{"count":1,"href":"https:\/\/christusnews.de\/site\/wp-json\/wp\/v2\/posts\/24966\/revisions"}],"predecessor-version":[{"id":24967,"href":"https:\/\/christusnews.de\/site\/wp-json\/wp\/v2\/posts\/24966\/revisions\/24967"}],"wp:attachment":[{"href":"https:\/\/christusnews.de\/site\/wp-json\/wp\/v2\/media?parent=24966"}],"wp:term":[{"taxonomy":"category","embeddable":true,"href":"https:\/\/christusnews.de\/site\/wp-json\/wp\/v2\/categories?post=24966"},{"taxonomy":"post_tag","embeddable":true,"href":"https:\/\/christusnews.de\/site\/wp-json\/wp\/v2\/tags?post=24966"}],"curies":[{"name":"wp","href":"https:\/\/api.w.org\/{rel}","templated":true}]}}