{"id":24968,"date":"2023-08-29T08:43:00","date_gmt":"2023-08-29T06:43:00","guid":{"rendered":"https:\/\/christusnews.de\/site\/woche-der-diakonie-startet-in-niedersachsen\/"},"modified":"2023-08-30T11:18:44","modified_gmt":"2023-08-30T09:18:44","slug":"woche-der-diakonie-startet-in-niedersachsen","status":"publish","type":"post","link":"https:\/\/christusnews.de\/site\/woche-der-diakonie-startet-in-niedersachsen\/","title":{"rendered":"\u00abWoche der Diakonie\u00bb startet in Niedersachsen"},"content":{"rendered":"<p class=\"MsoPlainText\">Braunschweig\/Hannover (epd). Mit Gottesdiensten in Braunschweig und Hannover wird die diesj\u00e4hrige landesweite \u00abWoche der Diakonie\u00bb an diesem Sonntag (3. September) er\u00f6ffnet. In diesem Jahr stehe die Aktionswoche ganz im Zeichen des 175-j\u00e4hrigen Bestehens der Diakonie, teilte ein Sprecher mit. Das Jubil\u00e4um und auch die Aktionswoche unter dem Titel \u00abAus Liebe\u00bb erinnern an das Engagement f\u00fcr Kinder, Jugendliche und Familien genauso wie an \u00e4ltere und kranke Menschen, an Gefl\u00fcchtete, an Menschen mit Behinderung oder Menschen, die in Armut leben.<\/p>\n<p class=\"MsoPlainText\">&nbsp;<\/p>\n<p class=\"MsoPlainText\">Der Gottesdienst im Braunschweiger Dom wird unter anderem mit der Vorst\u00e4ndin des Diakonischen Werks in Niedersachsen, Oberkirchenr\u00e4tin Uta Hirschler, gefeiert. In Hannover wird der Er\u00f6ffnungsgottesdienst in der Christuskirche unter anderem von dem Vorstandssprecher der Diakonie Niedersachsen, Hans-Joachim Lenke, gestaltet.<\/p>\n<p class=\"MsoPlainText\">&nbsp;<\/p>\n<p class=\"MsoPlainText\">Landesweit finden zahlreiche Gottesdienste und Veranstaltungen im Rahmen der bundesweiten Kampagne zum Jubil\u00e4um statt. So wird die Diakonie in Hannover beispielsweise beim Regionsentdeckertag am 10. September einen \u00abGarten der Ideen\u00bb zeigen. Im Braunschweiger Dom werden in der Woche Abendandachten zu dem Motto der Diakoniewoche gefeiert. Vorstandssprecher Lenke sagte, mit dem Jubil\u00e4um wolle die Diakonie an die Begeisterung ihres Begr\u00fcnders Johann Hinrich Wichern (1808-1881) ankn\u00fcpfen. Auch heute sei diese eine \u00abzentrale Antriebsfeder\u00bb und sorge daf\u00fcr, dass sich Menschen in der Gesellschaft vernetzten und gemeinsam engagierten.<\/p>\n<p class=\"MsoPlainText\">&nbsp;<\/p>\n<p class=\"MsoPlainText\">Das Diakonische Werk evangelischer Kirchen in Niedersachsen geh\u00f6rt mit 595 Mitgliedsorganisationen und mehr als 89.000 beruflich Besch\u00e4ftigten sowie vielen freiwilligen Helferinnen und Helfern landesweit zu den gr\u00f6\u00dften Wohlfahrtsverb\u00e4nden.<\/p>\n<p class=\"MsoPlainText\">&nbsp;<\/p>\n<p>Kirche-Oldenburg<br \/>\n<a href=\"https:\/\/www.kirche-oldenburg.de\/\/aktuell\/news-niedersachsen\/artikel\/woche-der-diakonie-startet-in-niedersachsen\" target=\"_blank\" rel=\"noopener\">\u00abWoche der Diakonie\u00bb startet in Niedersachsen<\/a><\/p>\n","protected":false},"excerpt":{"rendered":"<p>Braunschweig\/Hannover (epd). Mit Gottesdiensten in Braunschweig und Hannover wird die diesj\u00e4hrige landesweite \u00abWoche der Diakonie\u00bb an diesem Sonntag (3. September) er\u00f6ffnet. In diesem Jahr stehe die Aktionswoche ganz im Zeichen des 175-j\u00e4hrigen Bestehens der Diakonie, teilte ein Sprecher mit. Das Jubil\u00e4um und auch die Aktionswoche unter dem Titel \u00abAus Liebe\u00bb erinnern an das Engagement f\u00fcr Kinder, Jugendliche und Familien genauso wie an \u00e4ltere und kranke Menschen, an Gefl\u00fcchtete, an Menschen mit Behinderung oder Menschen, die in Armut leben. &nbsp; Der Gottesdienst im Braunschweiger Dom wird unter anderem mit der Vorst\u00e4ndin des Diakonischen Werks in Niedersachsen, Oberkirchenr\u00e4tin Uta Hirschler, gefeiert. In&#8230;<\/p>\n","protected":false},"author":7,"featured_media":0,"comment_status":"false","ping_status":"open","sticky":false,"template":"","format":"standard","meta":{"footnotes":""},"categories":[43],"tags":[44],"class_list":["post-24968","post","type-post","status-publish","format-standard","hentry","category-kirche-oldenburg","tag-kirche-oldenburg"],"_links":{"self":[{"href":"https:\/\/christusnews.de\/site\/wp-json\/wp\/v2\/posts\/24968","targetHints":{"allow":["GET"]}}],"collection":[{"href":"https:\/\/christusnews.de\/site\/wp-json\/wp\/v2\/posts"}],"about":[{"href":"https:\/\/christusnews.de\/site\/wp-json\/wp\/v2\/types\/post"}],"author":[{"embeddable":true,"href":"https:\/\/christusnews.de\/site\/wp-json\/wp\/v2\/users\/7"}],"replies":[{"embeddable":true,"href":"https:\/\/christusnews.de\/site\/wp-json\/wp\/v2\/comments?post=24968"}],"version-history":[{"count":1,"href":"https:\/\/christusnews.de\/site\/wp-json\/wp\/v2\/posts\/24968\/revisions"}],"predecessor-version":[{"id":24969,"href":"https:\/\/christusnews.de\/site\/wp-json\/wp\/v2\/posts\/24968\/revisions\/24969"}],"wp:attachment":[{"href":"https:\/\/christusnews.de\/site\/wp-json\/wp\/v2\/media?parent=24968"}],"wp:term":[{"taxonomy":"category","embeddable":true,"href":"https:\/\/christusnews.de\/site\/wp-json\/wp\/v2\/categories?post=24968"},{"taxonomy":"post_tag","embeddable":true,"href":"https:\/\/christusnews.de\/site\/wp-json\/wp\/v2\/tags?post=24968"}],"curies":[{"name":"wp","href":"https:\/\/api.w.org\/{rel}","templated":true}]}}