{"id":24972,"date":"2023-08-30T10:49:00","date_gmt":"2023-08-30T08:49:00","guid":{"rendered":"https:\/\/christusnews.de\/site\/kirchen-fordern-gesellschaftlichen-platz-fuer-menschen-mit-demenz\/"},"modified":"2023-08-31T11:17:33","modified_gmt":"2023-08-31T09:17:33","slug":"kirchen-fordern-gesellschaftlichen-platz-fuer-menschen-mit-demenz","status":"publish","type":"post","link":"https:\/\/christusnews.de\/site\/kirchen-fordern-gesellschaftlichen-platz-fuer-menschen-mit-demenz\/","title":{"rendered":"Kirchen fordern gesellschaftlichen Platz f\u00fcr Menschen mit Demenz"},"content":{"rendered":"<p class=\"MsoPlainText\">Bonn\/Hannover (epd). Die beiden gro\u00dfen christlichen Kirchen haben daf\u00fcr geworben, Menschen mit Demenz einen Ort in der Gesellschaft zu geben. \u00abUm Menschen mit Demenz einen Platz in der Mitte der Gesellschaft erm\u00f6glichen zu k\u00f6nnen, bedarf es daher einer entsprechenden Haltung\u00bb, schreiben die Ratsvorsitzende der Evangelischen Kirche in Deutschland (EKD), Annette Kurschus, und der Vorsitzende der katholischen Deutschen Bischofskonferenz, Georg B\u00e4tzing, in einem Vorwort zu einer am Mittwoch ver\u00f6ffentlichten gemeinsamen Publikation.<\/p>\n<p class=\"MsoPlainText\">&nbsp;<\/p>\n<p class=\"MsoPlainText\">Der Text \u00abMenschen mit Demenz in der Kirche &#8211; wie eigene Angebote gelingen\u00bb sei ein Beitrag auf dem Weg, Menschen mit Demenz mehr gesellschaftliche Teilhabe zu erm\u00f6glichen, hei\u00dft es in einer Mitteilung von EKD und Bischofskonferenz. Die Publikation verstehe sich als Impuls der beiden Kirchen im Rahmen der Nationalen Demenzstrategie, die 2021 von der Bundesregierung ins Leben gerufen wurde.<\/p>\n<p class=\"MsoPlainText\">&nbsp;<\/p>\n<p class=\"MsoPlainText\">Der Text biete ein kompaktes und reichhaltiges Kompendium f\u00fcr alle Kirchengemeinden, die ihre Angebote und ihr Gemeindeleben demenzsensibler gestalten wollen, hie\u00df es weiter. Die Ver\u00f6ffentlichung sei eine Sammlung von Texten, die sowohl fundierte Hintergrundinformationen zum Thema Demenz als auch praktische Hinweise f\u00fcr die konkrete seelsorgerliche Arbeit geben.<\/p>\n<p>Kirche-Oldenburg<br \/>\n<a href=\"https:\/\/www.kirche-oldenburg.de\/\/aktuell\/news-niedersachsen\/artikel\/kirchen-fordern-gesellschaftlichen-platz-fuer-menschen-mit-demenz\" target=\"_blank\" rel=\"noopener\">Kirchen fordern gesellschaftlichen Platz f\u00fcr Menschen mit Demenz<\/a><\/p>\n","protected":false},"excerpt":{"rendered":"<p>Bonn\/Hannover (epd). Die beiden gro\u00dfen christlichen Kirchen haben daf\u00fcr geworben, Menschen mit Demenz einen Ort in der Gesellschaft zu geben. \u00abUm Menschen mit Demenz einen Platz in der Mitte der Gesellschaft erm\u00f6glichen zu k\u00f6nnen, bedarf es daher einer entsprechenden Haltung\u00bb, schreiben die Ratsvorsitzende der Evangelischen Kirche in Deutschland (EKD), Annette Kurschus, und der Vorsitzende der katholischen Deutschen Bischofskonferenz, Georg B\u00e4tzing, in einem Vorwort zu einer am Mittwoch ver\u00f6ffentlichten gemeinsamen Publikation. &nbsp; Der Text \u00abMenschen mit Demenz in der Kirche &#8211; wie eigene Angebote gelingen\u00bb sei ein Beitrag auf dem Weg, Menschen mit Demenz mehr gesellschaftliche Teilhabe zu erm\u00f6glichen, hei\u00dft es&#8230;<\/p>\n","protected":false},"author":7,"featured_media":0,"comment_status":"false","ping_status":"open","sticky":false,"template":"","format":"standard","meta":{"footnotes":""},"categories":[43],"tags":[44],"class_list":["post-24972","post","type-post","status-publish","format-standard","hentry","category-kirche-oldenburg","tag-kirche-oldenburg"],"_links":{"self":[{"href":"https:\/\/christusnews.de\/site\/wp-json\/wp\/v2\/posts\/24972","targetHints":{"allow":["GET"]}}],"collection":[{"href":"https:\/\/christusnews.de\/site\/wp-json\/wp\/v2\/posts"}],"about":[{"href":"https:\/\/christusnews.de\/site\/wp-json\/wp\/v2\/types\/post"}],"author":[{"embeddable":true,"href":"https:\/\/christusnews.de\/site\/wp-json\/wp\/v2\/users\/7"}],"replies":[{"embeddable":true,"href":"https:\/\/christusnews.de\/site\/wp-json\/wp\/v2\/comments?post=24972"}],"version-history":[{"count":1,"href":"https:\/\/christusnews.de\/site\/wp-json\/wp\/v2\/posts\/24972\/revisions"}],"predecessor-version":[{"id":24973,"href":"https:\/\/christusnews.de\/site\/wp-json\/wp\/v2\/posts\/24972\/revisions\/24973"}],"wp:attachment":[{"href":"https:\/\/christusnews.de\/site\/wp-json\/wp\/v2\/media?parent=24972"}],"wp:term":[{"taxonomy":"category","embeddable":true,"href":"https:\/\/christusnews.de\/site\/wp-json\/wp\/v2\/categories?post=24972"},{"taxonomy":"post_tag","embeddable":true,"href":"https:\/\/christusnews.de\/site\/wp-json\/wp\/v2\/tags?post=24972"}],"curies":[{"name":"wp","href":"https:\/\/api.w.org\/{rel}","templated":true}]}}