{"id":24974,"date":"2023-08-30T10:48:00","date_gmt":"2023-08-30T08:48:00","guid":{"rendered":"https:\/\/christusnews.de\/site\/diakonie-feiert-jubilaeum-mit-erfahrungsreise\/"},"modified":"2023-08-31T11:17:33","modified_gmt":"2023-08-31T09:17:33","slug":"diakonie-feiert-jubilaeum-mit-erfahrungsreise","status":"publish","type":"post","link":"https:\/\/christusnews.de\/site\/diakonie-feiert-jubilaeum-mit-erfahrungsreise\/","title":{"rendered":"Diakonie feiert Jubil\u00e4um mit Erfahrungsreise"},"content":{"rendered":"<p class=\"MsoPlainText\">Hannover (epd). Die Diakonie in Niedersachsen l\u00e4dt auf einer Jubil\u00e4umsveranstaltung am 6. September G\u00e4ste zu einer \u00abReise durch die Diakonie\u00bb ein. Ab 17 Uhr sei es ihnen im Expowal m\u00f6glich, \u00abdie Lebenswelten und spannenden Geschichten von Menschen, die durch die Diakonie Hilfe erfahren haben\u00bb kennenzulernen, hei\u00dft es in der Ank\u00fcndigung. Im Anschluss an die Erfahrungsreise werde Niedersachsens Sozialminister, Andreas Philippi (SPD), mit dem Vorstandssprecher der Diakonie in Niedersachsen, Hans-Joachim Lenke, \u00fcber die politische Seite des diakonischen Engagements diskutieren. In diesem Jahr feiert die Diakonie ihr 175. Jubil\u00e4um.<\/p>\n<p class=\"MsoPlainText\">&nbsp;<\/p>\n<p>Kirche-Oldenburg<br \/>\n<a href=\"https:\/\/www.kirche-oldenburg.de\/\/aktuell\/news-niedersachsen\/artikel\/diakonie-feiert-jubilaeum-mit-erfahrungsreise\" target=\"_blank\" rel=\"noopener\">Diakonie feiert Jubil\u00e4um mit Erfahrungsreise<\/a><\/p>\n","protected":false},"excerpt":{"rendered":"<p>Hannover (epd). Die Diakonie in Niedersachsen l\u00e4dt auf einer Jubil\u00e4umsveranstaltung am 6. September G\u00e4ste zu einer \u00abReise durch die Diakonie\u00bb ein. Ab 17 Uhr sei es ihnen im Expowal m\u00f6glich, \u00abdie Lebenswelten und spannenden Geschichten von Menschen, die durch die Diakonie Hilfe erfahren haben\u00bb kennenzulernen, hei\u00dft es in der Ank\u00fcndigung. Im Anschluss an die Erfahrungsreise werde Niedersachsens Sozialminister, Andreas Philippi (SPD), mit dem Vorstandssprecher der Diakonie in Niedersachsen, Hans-Joachim Lenke, \u00fcber die politische Seite des diakonischen Engagements diskutieren. In diesem Jahr feiert die Diakonie ihr 175. Jubil\u00e4um. &nbsp; Kirche-Oldenburg Diakonie feiert Jubil\u00e4um mit Erfahrungsreise<\/p>\n","protected":false},"author":7,"featured_media":0,"comment_status":"false","ping_status":"open","sticky":false,"template":"","format":"standard","meta":{"footnotes":""},"categories":[43],"tags":[44],"class_list":["post-24974","post","type-post","status-publish","format-standard","hentry","category-kirche-oldenburg","tag-kirche-oldenburg"],"_links":{"self":[{"href":"https:\/\/christusnews.de\/site\/wp-json\/wp\/v2\/posts\/24974","targetHints":{"allow":["GET"]}}],"collection":[{"href":"https:\/\/christusnews.de\/site\/wp-json\/wp\/v2\/posts"}],"about":[{"href":"https:\/\/christusnews.de\/site\/wp-json\/wp\/v2\/types\/post"}],"author":[{"embeddable":true,"href":"https:\/\/christusnews.de\/site\/wp-json\/wp\/v2\/users\/7"}],"replies":[{"embeddable":true,"href":"https:\/\/christusnews.de\/site\/wp-json\/wp\/v2\/comments?post=24974"}],"version-history":[{"count":1,"href":"https:\/\/christusnews.de\/site\/wp-json\/wp\/v2\/posts\/24974\/revisions"}],"predecessor-version":[{"id":24975,"href":"https:\/\/christusnews.de\/site\/wp-json\/wp\/v2\/posts\/24974\/revisions\/24975"}],"wp:attachment":[{"href":"https:\/\/christusnews.de\/site\/wp-json\/wp\/v2\/media?parent=24974"}],"wp:term":[{"taxonomy":"category","embeddable":true,"href":"https:\/\/christusnews.de\/site\/wp-json\/wp\/v2\/categories?post=24974"},{"taxonomy":"post_tag","embeddable":true,"href":"https:\/\/christusnews.de\/site\/wp-json\/wp\/v2\/tags?post=24974"}],"curies":[{"name":"wp","href":"https:\/\/api.w.org\/{rel}","templated":true}]}}